{"id":681,"date":"2021-04-30T21:00:41","date_gmt":"2021-04-30T20:00:41","guid":{"rendered":"http:\/\/autourdesjardins.net\/?p=681"},"modified":"2021-05-01T20:31:42","modified_gmt":"2021-05-01T19:31:42","slug":"la-rubrique-de-lecho-republicain","status":"publish","type":"post","link":"https:\/\/autourdesjardins.net\/?p=681","title":{"rendered":"La rubrique de l&rsquo;Echo R\u00e9publicain"},"content":{"rendered":"<p>Notre ami Michel Jourdain est correspondant pour la rubrique \u00ab\u00a0jardinage\u00a0\u00bb du journal \u00ab\u00a0l&rsquo;\u00c9cho R\u00e9publicain\u00a0\u00bb<\/p>\n<p>Nous souhaitons vous faire partager ses chroniques qui&nbsp;s&rsquo;\u00e9grainent au fil des saisons en esp\u00e9rant qu&rsquo;elles apporteront des r\u00e9ponses pertinentes aux amateurs de jardins&nbsp;que nous sommes.<\/p>\n<p><a href=\"http:\/\/www.lechorepublicain.fr\/nogent-le-rotrou\/bricolage-maison\/environnement\/2017\/01\/28\/le-labourage-fait-toujours-debat-chez-les-jardiniers_12260662.html\" target=\"_blank\" rel=\"noopener noreferrer\">article du 17 janvier 2017<\/a>&nbsp;( le labourage fait d\u00e9bat)<br \/>\n<a href=\"http:\/\/www.lechorepublicain.fr\/nogent-le-rotrou\/bricolage-maison\/environnement\/2017\/04\/29\/comment-traiter-au-naturel-les-arbres-fruitiers_12383902.html\" target=\"_blank\" rel=\"noopener noreferrer\">article du 29 avril 2017<\/a>&nbsp;(traiter les fruitiers au naturel)<br \/>\n<a href=\"http:\/\/www.lechorepublicain.fr\/nogent-le-rotrou\/environnement\/l-echo-du-perche\/2016\/05\/05\/pour-michel-jourdain-l-expert-jardinier-de-l-echo-du-perche-on-peut-nourrir-et-diviser-ses-pieds-de-rhubarbe_11900422.html\" target=\"_blank\" rel=\"noopener noreferrer\">article du 5 mai 2016<\/a>&nbsp; (rhubarbe)<br \/>\n<a href=\"http:\/\/www.lechorepublicain.fr\/nogent-le-rotrou\/bricolage-maison\/environnement\/2017\/05\/06\/lail-la-racine-dortie-et-la-prele-sont-des-fongicifs-naturels_12391577.html\" target=\"_blank\" rel=\"noopener noreferrer\">article du 6 mai 2017<\/a>&nbsp; (ail, ortie, pr\u00eale)<br \/>\n<a href=\"http:\/\/www.lechorepublicain.fr\/nogent-le-rotrou\/loisirs\/bricolage-maison\/2017\/10\/07\/il-faut-tailler-les-pechers-avant-la-chute-des-feuilles_12581063.html\" target=\"_blank\" rel=\"noopener noreferrer\">article du 7 octobre 2017<\/a> (taille des p\u00eachers)<br \/>\n<a href=\"http:\/\/www.lechorepublicain.fr\/nogent-le-rotrou\/loisirs\/bricolage-maison\/2017\/10\/28\/a-l-automne-les-rosiers-n-ont-pas-dit-leur-dernier-mot_12608883.html\" target=\"_blank\" rel=\"noopener noreferrer\">article du 28 octobre 2017<\/a>&nbsp;(les rosiers n&rsquo;ont pas dit leur dernier mot)<br \/>\n<a href=\"http:\/\/www.lechorepublicain.fr\/nogent-le-rotrou\/l-echo-du-perche\/2017\/11\/04\/protegez-vos-plantes-en-prevision-des-premiers-gels_12616481.html\" target=\"_blank\" rel=\"noopener noreferrer\">article du 4 novembre 2017<\/a> (protection des plantes l&rsquo;hiver)<br \/>\n<a href=\"https:\/\/www.lechorepublicain.fr\/nogent-le-rotrou\/loisirs\/bricolage-maison\/2018\/02\/17\/pour-une-recolte-abondante-a-la-saison_12743140.html\" target=\"_blank\" rel=\"noopener noreferrer\">article du 17 f\u00e9vrier 2018<\/a>&nbsp; (taille des framboisiers)<br \/>\n<a href=\"https:\/\/www.lechorepublicain.fr\/nogent-le-rotrou\/bricolage-maison\/environnement\/2018\/03\/31\/on-peut-demarrer-les-premiers-semis-en-pleine-terre_12795268.html\" target=\"_blank\" rel=\"noopener noreferrer\">article du 31 mars 2018<\/a> (on peut semer)<br \/>\n<a href=\"https:\/\/www.lechorepublicain.fr\/nogent-le-rotrou\/bricolage-maison\/environnement\/2018\/06\/02\/michel-jourdain-ne-laisse-pas-les-crampons-saccrocher_12870973.html\" target=\"_blank\" rel=\"noopener noreferrer\">article du o2 juin 2018<\/a> (vigne vierge et lierre)<br \/>\n<a href=\"https:\/\/www.lechorepublicain.fr\/argenvilliers-28420\/actualites\/michel-jourdain-detaille-quelques-conseils-pour-bien-soccuper-de-ses-pommiers-et-poiriers_13513318\/\" target=\"_blank\" rel=\"noopener noreferrer\">article du 09 mars 2019<\/a> (pommiers, poiriers)<br \/>\n<a href=\"https:\/\/www.lechorepublicain.fr\/argenvilliers-28420\/actualites\/michel-jourdain-sattaque-a-la-taille-des-plantes-grimpantes_13518754\/\" target=\"_blank\" rel=\"noopener noreferrer\">article du 16 mars 2019<\/a> (taille des plantes grimpantes)<br \/>\n<a href=\"https:\/\/www.lechorepublicain.fr\/argenvilliers-28420\/actualites\/michel-jourdain-propose-de-choisir-ses-pommes-de-terre-en-fonction-des-usages-en-cuisine_13544960\/\" target=\"_blank\" rel=\"noopener noreferrer\">Article du 20 avril 2019<\/a> (les pommes de terre)<br \/>\n<a href=\"https:\/\/www.lechorepublicain.fr\/argenvilliers-28420\/loisirs\/les-bons-conseils-du-jardinier-michel-jourdain-confine-dans-le-perche-d-eure-et-loir_13771235\/\" target=\"_blank\" rel=\"noopener noreferrer\">Article du 29 mars 2020<\/a> (les bons conseils d&rsquo;un jardinier confin\u00e9)<br \/>\n<a href=\"https:\/\/www.lechorepublicain.fr\/nogent-le-rotrou-28400\/loisirs\/les-conseils-de-michel-jourdain-le-jardinier-d-argenvilliers_13947320\/\" target=\"_blank\" rel=\"noopener noreferrer\">Article du 29 avril 2021<\/a> (taille apr\u00e8s le gel)<\/p>\n","protected":false},"excerpt":{"rendered":"<p>Notre ami Michel Jourdain est correspondant pour la rubrique \u00ab\u00a0jardinage\u00a0\u00bb du journal \u00ab\u00a0l&rsquo;\u00c9cho R\u00e9publicain\u00a0\u00bb Nous souhaitons vous faire partager ses chroniques qui&nbsp;s&rsquo;\u00e9grainent au fil des saisons en esp\u00e9rant qu&rsquo;elles apporteront des r\u00e9ponses pertinentes aux amateurs de jardins&nbsp;que nous sommes. article &hellip; <a href=\"https:\/\/autourdesjardins.net\/?p=681\">Continuer la lecture <span class=\"meta-nav\">&rarr;<\/span><\/a><\/p>\n","protected":false},"author":4,"featured_media":1154,"comment_status":"closed","ping_status":"closed","sticky":false,"template":"","format":"standard","meta":{"ngg_post_thumbnail":0,"spay_email":"","jetpack_publicize_message":""},"categories":[7,26],"tags":[],"jetpack_featured_media_url":"https:\/\/autourdesjardins.net\/wp-content\/uploads\/2018\/11\/DSCN7872-e1585857772211.jpg","jetpack_publicize_connections":[],"jetpack_sharing_enabled":true,"jetpack_shortlink":"https:\/\/wp.me\/p3ExMr-aZ","_links":{"self":[{"href":"https:\/\/autourdesjardins.net\/index.php?rest_route=\/wp\/v2\/posts\/681"}],"collection":[{"href":"https:\/\/autourdesjardins.net\/index.php?rest_route=\/wp\/v2\/posts"}],"about":[{"href":"https:\/\/autourdesjardins.net\/index.php?rest_route=\/wp\/v2\/types\/post"}],"author":[{"embeddable":true,"href":"https:\/\/autourdesjardins.net\/index.php?rest_route=\/wp\/v2\/users\/4"}],"replies":[{"embeddable":true,"href":"https:\/\/autourdesjardins.net\/index.php?rest_route=%2Fwp%2Fv2%2Fcomments&post=681"}],"version-history":[{"count":37,"href":"https:\/\/autourdesjardins.net\/index.php?rest_route=\/wp\/v2\/posts\/681\/revisions"}],"predecessor-version":[{"id":684,"href":"https:\/\/autourdesjardins.net\/index.php?rest_route=\/wp\/v2\/posts\/681\/revisions\/684"}],"wp:featuredmedia":[{"embeddable":true,"href":"https:\/\/autourdesjardins.net\/index.php?rest_route=\/wp\/v2\/media\/1154"}],"wp:attachment":[{"href":"https:\/\/autourdesjardins.net\/index.php?rest_route=%2Fwp%2Fv2%2Fmedia&parent=681"}],"wp:term":[{"taxonomy":"category","embeddable":true,"href":"https:\/\/autourdesjardins.net\/index.php?rest_route=%2Fwp%2Fv2%2Fcategories&post=681"},{"taxonomy":"post_tag","embeddable":true,"href":"https:\/\/autourdesjardins.net\/index.php?rest_route=%2Fwp%2Fv2%2Ftags&post=681"}],"curies":[{"name":"wp","href":"https:\/\/api.w.org\/{rel}","templated":true}]}}