{"id":641,"date":"2016-09-08T08:50:31","date_gmt":"2016-09-08T07:50:31","guid":{"rendered":"http:\/\/autourdesjardins.net\/?p=641"},"modified":"2016-09-08T08:50:31","modified_gmt":"2016-09-08T07:50:31","slug":"sortie-en-alsace","status":"publish","type":"post","link":"https:\/\/autourdesjardins.net\/?p=641","title":{"rendered":"SORTIE EN ALSACE"},"content":{"rendered":"<p>Programm\u00e9 depuis longtemps, notre voyage en Alsace a d\u00e9but\u00e9 \u00e0 Saint Denis d&rsquo;Authou le 24 juin dernier pour un p\u00e9riple de trois jours.<\/p>\n<p>Pour \u00e9quilibrer le voyage, une premi\u00e8re halte \u00e0 la <strong>Roseraie de Provins<\/strong> a permis a chacun de se d\u00e9gourdir les jambes et d&rsquo;admirer de superbes parterres fleuris. Nous avons eu la chance de b\u00e9n\u00e9ficier de commentaires professionnels et passionn\u00e9s de notre guide. Nous n&rsquo;avons bien s\u00fbr pas \u00e9chapp\u00e9 \u00e0 la c\u00e9l\u00e8bre rose de Provins, bien connue au-del\u00e0 de nos fronti\u00e8res.<\/p>\n<p><img decoding=\"async\" loading=\"lazy\" class=\"wp-image-652 alignnone\" src=\"http:\/\/autourdesjardins.net\/wp-content\/uploads\/2016\/09\/IMG_2610-300x200.jpg\" alt=\"IMG_2610\" width=\"319\" height=\"213\" srcset=\"https:\/\/autourdesjardins.net\/wp-content\/uploads\/2016\/09\/IMG_2610-300x200.jpg 300w, https:\/\/autourdesjardins.net\/wp-content\/uploads\/2016\/09\/IMG_2610-150x100.jpg 150w, https:\/\/autourdesjardins.net\/wp-content\/uploads\/2016\/09\/IMG_2610-768x512.jpg 768w, https:\/\/autourdesjardins.net\/wp-content\/uploads\/2016\/09\/IMG_2610-1024x683.jpg 1024w, https:\/\/autourdesjardins.net\/wp-content\/uploads\/2016\/09\/IMG_2610-600x400.jpg 600w, https:\/\/autourdesjardins.net\/wp-content\/uploads\/2016\/09\/IMG_2610.jpg 1152w\" sizes=\"(max-width: 319px) 100vw, 319px\" \/>\u00a0 \u00a0<img decoding=\"async\" loading=\"lazy\" class=\"alignnone  wp-image-653\" src=\"http:\/\/autourdesjardins.net\/wp-content\/uploads\/2016\/09\/IMG_2614-300x200.jpg\" alt=\"IMG_2614\" width=\"307\" height=\"204\" srcset=\"https:\/\/autourdesjardins.net\/wp-content\/uploads\/2016\/09\/IMG_2614-300x200.jpg 300w, https:\/\/autourdesjardins.net\/wp-content\/uploads\/2016\/09\/IMG_2614-150x100.jpg 150w, https:\/\/autourdesjardins.net\/wp-content\/uploads\/2016\/09\/IMG_2614-768x512.jpg 768w, https:\/\/autourdesjardins.net\/wp-content\/uploads\/2016\/09\/IMG_2614-1024x683.jpg 1024w, https:\/\/autourdesjardins.net\/wp-content\/uploads\/2016\/09\/IMG_2614-600x400.jpg 600w, https:\/\/autourdesjardins.net\/wp-content\/uploads\/2016\/09\/IMG_2614.jpg 1152w\" sizes=\"(max-width: 307px) 100vw, 307px\" \/><br \/>\nBien qu&rsquo;\u00e9tant la star de ce jardin en tant que rose ancienne, nous avons pu \u00e9galement admirer de nombreuses vari\u00e9t\u00e9s de roses bien plus r\u00e9centes.<\/p>\n<p><img decoding=\"async\" loading=\"lazy\" class=\" wp-image-654 alignright\" src=\"http:\/\/autourdesjardins.net\/wp-content\/uploads\/2016\/09\/IMG_2683-300x200.jpg\" alt=\"IMG_2683\" width=\"254\" height=\"169\" srcset=\"https:\/\/autourdesjardins.net\/wp-content\/uploads\/2016\/09\/IMG_2683-300x200.jpg 300w, https:\/\/autourdesjardins.net\/wp-content\/uploads\/2016\/09\/IMG_2683-150x100.jpg 150w, https:\/\/autourdesjardins.net\/wp-content\/uploads\/2016\/09\/IMG_2683-768x512.jpg 768w, https:\/\/autourdesjardins.net\/wp-content\/uploads\/2016\/09\/IMG_2683-1024x683.jpg 1024w, https:\/\/autourdesjardins.net\/wp-content\/uploads\/2016\/09\/IMG_2683-600x400.jpg 600w, https:\/\/autourdesjardins.net\/wp-content\/uploads\/2016\/09\/IMG_2683.jpg 1152w\" sizes=\"(max-width: 254px) 100vw, 254px\" \/><br \/>\nLa route \u00e9tant encore longue vers l&rsquo;Alsace, c&rsquo;est en\u00a0fin de soir\u00e9e que nous avons pris possession de notre chambre \u00e0 l&rsquo;h\u00f4tel, apr\u00e8s nous \u00eatre arr\u00eat\u00e9s dans un village typiquement alsacien (colombages, couleurs vives des maisons, cigognes&#8230; )<\/p>\n<p>&nbsp;<\/p>\n<p>La journ\u00e9e du lendemain commen\u00e7ait par la visite tr\u00e8s attendue des <strong>jardins de la ferme bleue<\/strong> \u00e0 Uttenhoffen.<\/p>\n<p><img decoding=\"async\" loading=\"lazy\" class=\"alignnone  wp-image-645\" src=\"http:\/\/autourdesjardins.net\/wp-content\/uploads\/2016\/09\/DSCN3613-300x225.jpg\" alt=\"DSCN3613\" width=\"303\" height=\"228\" srcset=\"https:\/\/autourdesjardins.net\/wp-content\/uploads\/2016\/09\/DSCN3613-300x225.jpg 300w, https:\/\/autourdesjardins.net\/wp-content\/uploads\/2016\/09\/DSCN3613-150x113.jpg 150w, https:\/\/autourdesjardins.net\/wp-content\/uploads\/2016\/09\/DSCN3613-768x576.jpg 768w, https:\/\/autourdesjardins.net\/wp-content\/uploads\/2016\/09\/DSCN3613.jpg 1024w, https:\/\/autourdesjardins.net\/wp-content\/uploads\/2016\/09\/DSCN3613-600x450.jpg 600w\" sizes=\"(max-width: 303px) 100vw, 303px\" \/>\u00a0 \u00a0 \u00a0 \u00a0 \u00a0<img decoding=\"async\" loading=\"lazy\" class=\"alignnone  wp-image-646\" src=\"http:\/\/autourdesjardins.net\/wp-content\/uploads\/2016\/09\/DSCN3639-300x225.jpg\" alt=\"DSCN3639\" width=\"302\" height=\"227\" srcset=\"https:\/\/autourdesjardins.net\/wp-content\/uploads\/2016\/09\/DSCN3639-300x225.jpg 300w, https:\/\/autourdesjardins.net\/wp-content\/uploads\/2016\/09\/DSCN3639-150x113.jpg 150w, https:\/\/autourdesjardins.net\/wp-content\/uploads\/2016\/09\/DSCN3639-768x576.jpg 768w, https:\/\/autourdesjardins.net\/wp-content\/uploads\/2016\/09\/DSCN3639.jpg 1024w, https:\/\/autourdesjardins.net\/wp-content\/uploads\/2016\/09\/DSCN3639-600x450.jpg 600w\" sizes=\"(max-width: 302px) 100vw, 302px\" \/>Endroit magique, original, qui a fait l&rsquo;unanimit\u00e9 dans le groupe. Nous avons \u00e9t\u00e9 conduits par le propri\u00e9taire, un homme passionn\u00e9, une fois encore qui nous a montr\u00e9 que rien, dans son jardin, n&rsquo;\u00e9tait d\u00fb au hasard.<\/p>\n<p><img decoding=\"async\" loading=\"lazy\" class=\"alignnone size-medium wp-image-647\" src=\"http:\/\/autourdesjardins.net\/wp-content\/uploads\/2016\/09\/DSCN3659-300x225.jpg\" alt=\"DSCN3659\" width=\"300\" height=\"225\" srcset=\"https:\/\/autourdesjardins.net\/wp-content\/uploads\/2016\/09\/DSCN3659-300x225.jpg 300w, https:\/\/autourdesjardins.net\/wp-content\/uploads\/2016\/09\/DSCN3659-150x113.jpg 150w, https:\/\/autourdesjardins.net\/wp-content\/uploads\/2016\/09\/DSCN3659-768x576.jpg 768w, https:\/\/autourdesjardins.net\/wp-content\/uploads\/2016\/09\/DSCN3659.jpg 1024w, https:\/\/autourdesjardins.net\/wp-content\/uploads\/2016\/09\/DSCN3659-600x450.jpg 600w\" sizes=\"(max-width: 300px) 100vw, 300px\" \/>\u00a0 \u00a0 \u00a0 \u00a0 \u00a0\u00a0<img decoding=\"async\" loading=\"lazy\" class=\"alignnone size-medium wp-image-648\" src=\"http:\/\/autourdesjardins.net\/wp-content\/uploads\/2016\/09\/DSCN3692-300x225.jpg\" alt=\"DSCN3692\" width=\"300\" height=\"225\" srcset=\"https:\/\/autourdesjardins.net\/wp-content\/uploads\/2016\/09\/DSCN3692-300x225.jpg 300w, https:\/\/autourdesjardins.net\/wp-content\/uploads\/2016\/09\/DSCN3692-150x113.jpg 150w, https:\/\/autourdesjardins.net\/wp-content\/uploads\/2016\/09\/DSCN3692-768x576.jpg 768w, https:\/\/autourdesjardins.net\/wp-content\/uploads\/2016\/09\/DSCN3692.jpg 1024w, https:\/\/autourdesjardins.net\/wp-content\/uploads\/2016\/09\/DSCN3692-600x450.jpg 600w\" sizes=\"(max-width: 300px) 100vw, 300px\" \/><br \/>\nAu moment de notre visite, une exposition de statues venait compl\u00e9ter avantageusement le paysage.<\/p>\n<p>Apr\u00e8s une pause repas \u00e0 Saverne, ville m\u00e9ritant une visite \u00e0 elle seule, nous nous sommes dirig\u00e9s vers l&rsquo;<strong>Abbaye d&rsquo;Autrey<\/strong> dans les Vosges.<\/p>\n<p><img decoding=\"async\" loading=\"lazy\" class=\"alignnone size-medium wp-image-651\" src=\"http:\/\/autourdesjardins.net\/wp-content\/uploads\/2016\/09\/DSCN3763-300x225.jpg\" alt=\"DSCN3763\" width=\"300\" height=\"225\" srcset=\"https:\/\/autourdesjardins.net\/wp-content\/uploads\/2016\/09\/DSCN3763-300x225.jpg 300w, https:\/\/autourdesjardins.net\/wp-content\/uploads\/2016\/09\/DSCN3763-150x113.jpg 150w, https:\/\/autourdesjardins.net\/wp-content\/uploads\/2016\/09\/DSCN3763-768x576.jpg 768w, https:\/\/autourdesjardins.net\/wp-content\/uploads\/2016\/09\/DSCN3763.jpg 1024w, https:\/\/autourdesjardins.net\/wp-content\/uploads\/2016\/09\/DSCN3763-600x450.jpg 600w\" sizes=\"(max-width: 300px) 100vw, 300px\" \/>\u00a0 \u00a0 \u00a0 \u00a0 \u00a0\u00a0<img decoding=\"async\" loading=\"lazy\" class=\"alignnone  wp-image-657\" src=\"http:\/\/autourdesjardins.net\/wp-content\/uploads\/2016\/09\/IMG_2757-300x200.jpg\" alt=\"IMG_2757\" width=\"297\" height=\"198\" srcset=\"https:\/\/autourdesjardins.net\/wp-content\/uploads\/2016\/09\/IMG_2757-300x200.jpg 300w, https:\/\/autourdesjardins.net\/wp-content\/uploads\/2016\/09\/IMG_2757-150x100.jpg 150w, https:\/\/autourdesjardins.net\/wp-content\/uploads\/2016\/09\/IMG_2757-768x512.jpg 768w, https:\/\/autourdesjardins.net\/wp-content\/uploads\/2016\/09\/IMG_2757-1024x683.jpg 1024w, https:\/\/autourdesjardins.net\/wp-content\/uploads\/2016\/09\/IMG_2757-600x400.jpg 600w, https:\/\/autourdesjardins.net\/wp-content\/uploads\/2016\/09\/IMG_2757.jpg 1152w\" sizes=\"(max-width: 297px) 100vw, 297px\" \/><br \/>\nC&rsquo;est un lieu d\u00e9di\u00e9 \u00e0 la pri\u00e8re et \u00e0 la m\u00e9ditation, dont les jardins remarquables s&rsquo;\u00e9talent dans un grand parc tr\u00e8s arbor\u00e9. De nombreuses essences d&rsquo;arbres, une collection d&rsquo;hostas impressionnante, diff\u00e9rents espaces bien structur\u00e9s et cloisonn\u00e9s par de\u00a0multiples \u00a0claustras en bambou ont fait de cette visite un moment bien agr\u00e9able.<\/p>\n<p>Cette journ\u00e9e bien remplie s&rsquo;est termin\u00e9e par un repas convivial au restaurant de l&rsquo;unique h\u00f4tel de Vaucouleurs.<\/p>\n<p>Notre voyage tirant \u00e0 sa fin, sur la route du retour vers le Perche, c&rsquo;est le <strong>ch\u00e2teau du Grand Jardin de Joinville<\/strong> en Haute Marne qui nous a accueillis. L&rsquo;atmosph\u00e8re y \u00e9tait compl\u00e8tement diff\u00e9rente : jardins \u00e0 la fran\u00e7aise, tr\u00e8s bien structur\u00e9s et immense parc dit \u00ab\u00a0romantique\u00a0\u00bb. Ce jardin poss\u00e8de une impressionnante collection de topiaires.<img decoding=\"async\" loading=\"lazy\" class=\"alignnone size-medium wp-image-659\" src=\"http:\/\/autourdesjardins.net\/wp-content\/uploads\/2016\/09\/IMG_2803-300x200.jpg\" alt=\"IMG_2803\" width=\"300\" height=\"200\" srcset=\"https:\/\/autourdesjardins.net\/wp-content\/uploads\/2016\/09\/IMG_2803-300x200.jpg 300w, https:\/\/autourdesjardins.net\/wp-content\/uploads\/2016\/09\/IMG_2803-150x100.jpg 150w, https:\/\/autourdesjardins.net\/wp-content\/uploads\/2016\/09\/IMG_2803-768x512.jpg 768w, https:\/\/autourdesjardins.net\/wp-content\/uploads\/2016\/09\/IMG_2803-1024x683.jpg 1024w, https:\/\/autourdesjardins.net\/wp-content\/uploads\/2016\/09\/IMG_2803-600x400.jpg 600w, https:\/\/autourdesjardins.net\/wp-content\/uploads\/2016\/09\/IMG_2803.jpg 1152w\" sizes=\"(max-width: 300px) 100vw, 300px\" \/>\u00a0 \u00a0 \u00a0 \u00a0 \u00a0\u00a0<img decoding=\"async\" loading=\"lazy\" class=\"alignnone size-medium wp-image-658\" src=\"http:\/\/autourdesjardins.net\/wp-content\/uploads\/2016\/09\/IMG_2789-300x200.jpg\" alt=\"IMG_2789\" width=\"300\" height=\"200\" srcset=\"https:\/\/autourdesjardins.net\/wp-content\/uploads\/2016\/09\/IMG_2789-300x200.jpg 300w, https:\/\/autourdesjardins.net\/wp-content\/uploads\/2016\/09\/IMG_2789-150x100.jpg 150w, https:\/\/autourdesjardins.net\/wp-content\/uploads\/2016\/09\/IMG_2789-768x512.jpg 768w, https:\/\/autourdesjardins.net\/wp-content\/uploads\/2016\/09\/IMG_2789-1024x683.jpg 1024w, https:\/\/autourdesjardins.net\/wp-content\/uploads\/2016\/09\/IMG_2789-600x400.jpg 600w, https:\/\/autourdesjardins.net\/wp-content\/uploads\/2016\/09\/IMG_2789.jpg 1152w\" sizes=\"(max-width: 300px) 100vw, 300px\" \/><\/p>\n<p>Ce voyage restera un moment fort et l&rsquo;on ne peut que remercier les organisatrices pour le mal qu&rsquo;elles se sont donn\u00e9 et pour leurs excellents choix en mati\u00e8re de visites et de prestations.<\/p>\n","protected":false},"excerpt":{"rendered":"<p>Programm\u00e9 depuis longtemps, notre voyage en Alsace a d\u00e9but\u00e9 \u00e0 Saint Denis d&rsquo;Authou le 24 juin dernier pour un p\u00e9riple de trois jours. Pour \u00e9quilibrer le voyage, une premi\u00e8re halte \u00e0 la Roseraie de Provins a permis a chacun de &hellip; <a href=\"https:\/\/autourdesjardins.net\/?p=641\">Continuer la lecture <span class=\"meta-nav\">&rarr;<\/span><\/a><\/p>\n","protected":false},"author":5,"featured_media":655,"comment_status":"closed","ping_status":"closed","sticky":false,"template":"","format":"standard","meta":{"ngg_post_thumbnail":0,"spay_email":"","jetpack_publicize_message":""},"categories":[2],"tags":[],"jetpack_featured_media_url":"https:\/\/autourdesjardins.net\/wp-content\/uploads\/2016\/09\/IMG_2702.jpg","jetpack_publicize_connections":[],"jetpack_sharing_enabled":true,"jetpack_shortlink":"https:\/\/wp.me\/p3ExMr-al","_links":{"self":[{"href":"https:\/\/autourdesjardins.net\/index.php?rest_route=\/wp\/v2\/posts\/641"}],"collection":[{"href":"https:\/\/autourdesjardins.net\/index.php?rest_route=\/wp\/v2\/posts"}],"about":[{"href":"https:\/\/autourdesjardins.net\/index.php?rest_route=\/wp\/v2\/types\/post"}],"author":[{"embeddable":true,"href":"https:\/\/autourdesjardins.net\/index.php?rest_route=\/wp\/v2\/users\/5"}],"replies":[{"embeddable":true,"href":"https:\/\/autourdesjardins.net\/index.php?rest_route=%2Fwp%2Fv2%2Fcomments&post=641"}],"version-history":[{"count":4,"href":"https:\/\/autourdesjardins.net\/index.php?rest_route=\/wp\/v2\/posts\/641\/revisions"}],"predecessor-version":[{"id":660,"href":"https:\/\/autourdesjardins.net\/index.php?rest_route=\/wp\/v2\/posts\/641\/revisions\/660"}],"wp:featuredmedia":[{"embeddable":true,"href":"https:\/\/autourdesjardins.net\/index.php?rest_route=\/wp\/v2\/media\/655"}],"wp:attachment":[{"href":"https:\/\/autourdesjardins.net\/index.php?rest_route=%2Fwp%2Fv2%2Fmedia&parent=641"}],"wp:term":[{"taxonomy":"category","embeddable":true,"href":"https:\/\/autourdesjardins.net\/index.php?rest_route=%2Fwp%2Fv2%2Fcategories&post=641"},{"taxonomy":"post_tag","embeddable":true,"href":"https:\/\/autourdesjardins.net\/index.php?rest_route=%2Fwp%2Fv2%2Ftags&post=641"}],"curies":[{"name":"wp","href":"https:\/\/api.w.org\/{rel}","templated":true}]}}