{"id":619,"date":"2016-08-08T15:52:52","date_gmt":"2016-08-08T14:52:52","guid":{"rendered":"http:\/\/autourdesjardins.net\/?p=619"},"modified":"2016-08-08T16:08:49","modified_gmt":"2016-08-08T15:08:49","slug":"les-fleurs-ca-se-mange","status":"publish","type":"post","link":"https:\/\/autourdesjardins.net\/?p=619","title":{"rendered":"Les fleurs, \u00e7a se mange !"},"content":{"rendered":"<p>Nous nous sommes retrouv\u00e9s une vingtaine ce vendredi 1er juillet \u00e0 la ferme de Virginie Bouchard \u00e0 Tremblay les Villages.<\/p>\n<p><img decoding=\"async\" loading=\"lazy\" class=\"wp-image-630 aligncenter\" src=\"http:\/\/autourdesjardins.net\/wp-content\/uploads\/2016\/08\/Tremblay-300x148.jpg\" alt=\"Tremblay\" width=\"434\" height=\"214\" srcset=\"https:\/\/autourdesjardins.net\/wp-content\/uploads\/2016\/08\/Tremblay-300x148.jpg 300w, https:\/\/autourdesjardins.net\/wp-content\/uploads\/2016\/08\/Tremblay-150x74.jpg 150w, https:\/\/autourdesjardins.net\/wp-content\/uploads\/2016\/08\/Tremblay-768x380.jpg 768w, https:\/\/autourdesjardins.net\/wp-content\/uploads\/2016\/08\/Tremblay.jpg 1024w, https:\/\/autourdesjardins.net\/wp-content\/uploads\/2016\/08\/Tremblay-600x296.jpg 600w\" sizes=\"(max-width: 434px) 100vw, 434px\" \/><\/p>\n<p style=\"text-align: left;\">Virginie commercialise des fleurs destin\u00e9es \u00e0 la consommation aupr\u00e8s de restaurateurs ou de grossistes comme Rungis.<\/p>\n<p>Aussi surprenant que cela puisse para\u00eetre, presque toutes les fleurs sont comestibles. Elles sont la plupart du temps utilis\u00e9es pour la d\u00e9coration plus que pour leur go\u00fbt, bien que certaines aient une saveur prononc\u00e9e (am\u00e8re, anis\u00e9e, \u00e9pic\u00e9e&#8230; )<\/p>\n<p>Au fur et \u00e0 mesure de notre visite, Virginie nous a fait go\u00fbter les fleurs que nous d\u00e9couvrions : b\u00e9gonia, pens\u00e9e, viola, cosmos, capucine, g\u00e9ranium, fenouil, rose, pois de senteur&#8230;<br \/>\nNous avons tous \u00e9t\u00e9 \u00e9tonn\u00e9s par la diversit\u00e9 de go\u00fbt que ces belles nous r\u00e9servent !<br \/>\nPlus d&rsquo;h\u00e9sitations, int\u00e9grez-les dans vos recettes !<\/p>\n","protected":false},"excerpt":{"rendered":"<p>Nous nous sommes retrouv\u00e9s une vingtaine ce vendredi 1er juillet \u00e0 la ferme de Virginie Bouchard \u00e0 Tremblay les Villages. Virginie commercialise des fleurs destin\u00e9es \u00e0 la consommation aupr\u00e8s de restaurateurs ou de grossistes comme Rungis. Aussi surprenant que cela &hellip; <a href=\"https:\/\/autourdesjardins.net\/?p=619\">Continuer la lecture <span class=\"meta-nav\">&rarr;<\/span><\/a><\/p>\n","protected":false},"author":5,"featured_media":0,"comment_status":"closed","ping_status":"closed","sticky":false,"template":"","format":"standard","meta":{"ngg_post_thumbnail":0,"spay_email":"","jetpack_publicize_message":""},"categories":[2],"tags":[],"jetpack_featured_media_url":"","jetpack_publicize_connections":[],"jetpack_sharing_enabled":true,"jetpack_shortlink":"https:\/\/wp.me\/p3ExMr-9Z","_links":{"self":[{"href":"https:\/\/autourdesjardins.net\/index.php?rest_route=\/wp\/v2\/posts\/619"}],"collection":[{"href":"https:\/\/autourdesjardins.net\/index.php?rest_route=\/wp\/v2\/posts"}],"about":[{"href":"https:\/\/autourdesjardins.net\/index.php?rest_route=\/wp\/v2\/types\/post"}],"author":[{"embeddable":true,"href":"https:\/\/autourdesjardins.net\/index.php?rest_route=\/wp\/v2\/users\/5"}],"replies":[{"embeddable":true,"href":"https:\/\/autourdesjardins.net\/index.php?rest_route=%2Fwp%2Fv2%2Fcomments&post=619"}],"version-history":[{"count":10,"href":"https:\/\/autourdesjardins.net\/index.php?rest_route=\/wp\/v2\/posts\/619\/revisions"}],"predecessor-version":[{"id":632,"href":"https:\/\/autourdesjardins.net\/index.php?rest_route=\/wp\/v2\/posts\/619\/revisions\/632"}],"wp:attachment":[{"href":"https:\/\/autourdesjardins.net\/index.php?rest_route=%2Fwp%2Fv2%2Fmedia&parent=619"}],"wp:term":[{"taxonomy":"category","embeddable":true,"href":"https:\/\/autourdesjardins.net\/index.php?rest_route=%2Fwp%2Fv2%2Fcategories&post=619"},{"taxonomy":"post_tag","embeddable":true,"href":"https:\/\/autourdesjardins.net\/index.php?rest_route=%2Fwp%2Fv2%2Ftags&post=619"}],"curies":[{"name":"wp","href":"https:\/\/api.w.org\/{rel}","templated":true}]}}