{"id":2108,"date":"2022-06-21T19:54:00","date_gmt":"2022-06-21T18:54:00","guid":{"rendered":"http:\/\/autourdesjardins.net\/?p=2108"},"modified":"2022-06-23T10:29:49","modified_gmt":"2022-06-23T09:29:49","slug":"en-route-vers-litalie","status":"publish","type":"post","link":"https:\/\/autourdesjardins.net\/?p=2108","title":{"rendered":"En route vers l&rsquo;Italie"},"content":{"rendered":"<p>Pour ses 20 ans d&rsquo;existence, notre association s&rsquo;est offert un petit bonheur en organisant, pendant ce long week-end de l&rsquo;Ascension, un voyage de 4 jours en Italie autour du lac Majeur, du lac de C\u00f4me et du petit lac d&rsquo;Orta.<\/p>\n<p>Pour tous ceux qui n&rsquo;ont pas pu nous accompagner, nous allons, par cet article, illustrer au mieux ce p\u00e9riple. Cela permettra aussi aux 49 participants de se rem\u00e9morer ces beaux moments.<\/p>\n<div id=\"attachment_2109\" style=\"width: 203px\" class=\"wp-caption alignright\"><a href=\"http:\/\/autourdesjardins.net\/wp-content\/uploads\/2022\/06\/Isola-Bella-3-scaled.jpg\"><img aria-describedby=\"caption-attachment-2109\" decoding=\"async\" loading=\"lazy\" class=\"wp-image-2109\" src=\"http:\/\/autourdesjardins.net\/wp-content\/uploads\/2022\/06\/Isola-Bella-3-300x200.jpg\" alt=\"\" width=\"193\" height=\"128\" srcset=\"https:\/\/autourdesjardins.net\/wp-content\/uploads\/2022\/06\/Isola-Bella-3-300x200.jpg 300w, https:\/\/autourdesjardins.net\/wp-content\/uploads\/2022\/06\/Isola-Bella-3-1024x684.jpg 1024w, https:\/\/autourdesjardins.net\/wp-content\/uploads\/2022\/06\/Isola-Bella-3-150x100.jpg 150w, https:\/\/autourdesjardins.net\/wp-content\/uploads\/2022\/06\/Isola-Bella-3-768x513.jpg 768w, https:\/\/autourdesjardins.net\/wp-content\/uploads\/2022\/06\/Isola-Bella-3-600x401.jpg 600w, https:\/\/autourdesjardins.net\/wp-content\/uploads\/2022\/06\/Isola-Bella-3-1536x1025.jpg 1536w, https:\/\/autourdesjardins.net\/wp-content\/uploads\/2022\/06\/Isola-Bella-3-2048x1367.jpg 2048w\" sizes=\"(max-width: 193px) 100vw, 193px\" \/><\/a><p id=\"caption-attachment-2109\" class=\"wp-caption-text\">arriv\u00e9s \u00e0 bon port<\/p><\/div>\n<p>Nous avions rendez-vous le mercredi 25 mai \u00e0 19 heures, place du lavoir \u00e0 Saint-Denis d&rsquo;Authou. Une longue nuit de car nous attendait et nous n&rsquo;avons pas \u00e9chapp\u00e9 \u00e0 la monotonie du voyage.&nbsp; Le sommeil s&rsquo;est souvent fait attendre. Au petit jour, les paysages alpins nous ont accueillis. Nous avons franchi la fronti\u00e8re en empruntant le tunnel du Mont-Blanc et les vall\u00e9es du pi\u00e9mont italien nous ont accompagn\u00e9s jusqu&rsquo;au bord du lac Majeur.<\/p>\n<p>A 10 heures ce jeudi, \u00e0 Stresa, station baln\u00e9aire du Lac Majeur, le b\u00e2teau nous attendait pour nous conduire \u00e0 notre premi\u00e8re visite sur une \u00efle du lac.&nbsp; &nbsp; &nbsp; &nbsp; &nbsp; &nbsp; &nbsp; &nbsp; &nbsp; &nbsp; &nbsp; &nbsp; &nbsp; &nbsp; &nbsp; &nbsp; &nbsp; &nbsp; &nbsp; &nbsp; &nbsp; &nbsp; &nbsp; &nbsp; &nbsp; &nbsp; &nbsp; &nbsp; &nbsp; &nbsp; &nbsp; &nbsp; &nbsp; &nbsp;&nbsp;<\/p>\n<p><strong>Isola Bella : une perle du lac Majeur<\/strong><\/p>\n<p><a href=\"http:\/\/autourdesjardins.net\/wp-content\/uploads\/2022\/06\/isola-bella.jpg\"><img decoding=\"async\" loading=\"lazy\" class=\" wp-image-2115 alignleft\" src=\"http:\/\/autourdesjardins.net\/wp-content\/uploads\/2022\/06\/isola-bella.jpg\" alt=\"\" width=\"257\" height=\"160\" srcset=\"https:\/\/autourdesjardins.net\/wp-content\/uploads\/2022\/06\/isola-bella.jpg 284w, https:\/\/autourdesjardins.net\/wp-content\/uploads\/2022\/06\/isola-bella-150x93.jpg 150w\" sizes=\"(max-width: 257px) 100vw, 257px\" \/><\/a>Cette \u00eele fut longtemps la propri\u00e9t\u00e9 exclusive de la famille Borom\u00e9e au XVII\u00e8me si\u00e8cle. Toute la surface est occup\u00e9e par un ch\u00e2teau baroque entour\u00e9 de jardins sublimes qui s&rsquo;\u00e9tagent sur les flancs&nbsp; de l&rsquo;\u00eele. Nous sommes accompagn\u00e9s d&rsquo;une guide comp\u00e9tente et agr\u00e9able pour la visite du palais et des jardins. Nous avons chacun une oreillette qui permet d&rsquo;effectuer la visite et de b\u00e9n\u00e9ficier des commentaires sans forcement \u00eatre agglutin\u00e9s autour de la guide. Le ciel bleu et le grand soleil subliment les lieux.<\/p>\n<p style=\"text-align: center;\"><a href=\"http:\/\/autourdesjardins.net\/wp-content\/uploads\/2022\/06\/Statues.pdf\" target=\"_blank\" rel=\"noopener\">Plus de d\u00e9tails <\/a><\/p>\n<p style=\"text-align: center;\"><a href=\"http:\/\/autourdesjardins.net\/wp-content\/uploads\/2022\/06\/ISOLA-BELLA-1.mp4\" target=\"_blank\" rel=\"noopener\">diaporama Isola Bella<\/a><\/p>\n<p><a href=\"http:\/\/autourdesjardins.net\/wp-content\/uploads\/2022\/06\/Isola-Bella-19-1-scaled.jpg\"><img decoding=\"async\" loading=\"lazy\" class=\" wp-image-2167 alignright\" src=\"http:\/\/autourdesjardins.net\/wp-content\/uploads\/2022\/06\/Isola-Bella-19-1-300x200.jpg\" alt=\"\" width=\"170\" height=\"113\" srcset=\"https:\/\/autourdesjardins.net\/wp-content\/uploads\/2022\/06\/Isola-Bella-19-1-300x200.jpg 300w, https:\/\/autourdesjardins.net\/wp-content\/uploads\/2022\/06\/Isola-Bella-19-1-1024x684.jpg 1024w, https:\/\/autourdesjardins.net\/wp-content\/uploads\/2022\/06\/Isola-Bella-19-1-150x100.jpg 150w, https:\/\/autourdesjardins.net\/wp-content\/uploads\/2022\/06\/Isola-Bella-19-1-768x513.jpg 768w, https:\/\/autourdesjardins.net\/wp-content\/uploads\/2022\/06\/Isola-Bella-19-1-600x401.jpg 600w, https:\/\/autourdesjardins.net\/wp-content\/uploads\/2022\/06\/Isola-Bella-19-1-1536x1025.jpg 1536w, https:\/\/autourdesjardins.net\/wp-content\/uploads\/2022\/06\/Isola-Bella-19-1-2048x1367.jpg 2048w\" sizes=\"(max-width: 170px) 100vw, 170px\" \/><\/a>Reprise du b\u00e2teau pour rejoindre la petite <strong>Isola Pescatori,<\/strong>&nbsp; \u00eele des p\u00eacheurs o\u00f9 se trouve notre restaurant. Apr\u00e8s un repas bien r\u00e9confortant, nous disposons d&rsquo;un petit temps de promenade dans ce magnifique village.<\/p>\n<p><strong>Isola Madre : <\/strong>l&rsquo;apr\u00e8s-midi nous r\u00e9serve la visite de la plus importante \u00eele du lac Majeur. C&rsquo;est l\u00e0 encore une \u00eele Borom\u00e9e. elle est remarquable par son exotisme.<a href=\"http:\/\/autourdesjardins.net\/wp-content\/uploads\/2022\/06\/isola-madre.png\"><img decoding=\"async\" loading=\"lazy\" class=\"wp-image-2123 alignleft\" src=\"http:\/\/autourdesjardins.net\/wp-content\/uploads\/2022\/06\/isola-madre-300x200.png\" alt=\"\" width=\"305\" height=\"203\" srcset=\"https:\/\/autourdesjardins.net\/wp-content\/uploads\/2022\/06\/isola-madre-300x200.png 300w, https:\/\/autourdesjardins.net\/wp-content\/uploads\/2022\/06\/isola-madre-150x100.png 150w, https:\/\/autourdesjardins.net\/wp-content\/uploads\/2022\/06\/isola-madre-768x512.png 768w, https:\/\/autourdesjardins.net\/wp-content\/uploads\/2022\/06\/isola-madre-600x400.png 600w, https:\/\/autourdesjardins.net\/wp-content\/uploads\/2022\/06\/isola-madre.png 940w\" sizes=\"(max-width: 305px) 100vw, 305px\" \/><\/a> <a href=\"http:\/\/autourdesjardins.net\/wp-content\/uploads\/2022\/06\/Isola-Madre-15-scaled.jpg\"><img decoding=\"async\" loading=\"lazy\" class=\"alignnone wp-image-2125\" src=\"http:\/\/autourdesjardins.net\/wp-content\/uploads\/2022\/06\/Isola-Madre-15-300x200.jpg\" alt=\"\" width=\"303\" height=\"202\" srcset=\"https:\/\/autourdesjardins.net\/wp-content\/uploads\/2022\/06\/Isola-Madre-15-300x200.jpg 300w, https:\/\/autourdesjardins.net\/wp-content\/uploads\/2022\/06\/Isola-Madre-15-1024x684.jpg 1024w, https:\/\/autourdesjardins.net\/wp-content\/uploads\/2022\/06\/Isola-Madre-15-150x100.jpg 150w, https:\/\/autourdesjardins.net\/wp-content\/uploads\/2022\/06\/Isola-Madre-15-768x513.jpg 768w, https:\/\/autourdesjardins.net\/wp-content\/uploads\/2022\/06\/Isola-Madre-15-600x401.jpg 600w, https:\/\/autourdesjardins.net\/wp-content\/uploads\/2022\/06\/Isola-Madre-15-1536x1025.jpg 1536w, https:\/\/autourdesjardins.net\/wp-content\/uploads\/2022\/06\/Isola-Madre-15-2048x1367.jpg 2048w\" sizes=\"(max-width: 303px) 100vw, 303px\" \/><\/a><\/p>\n<p style=\"text-align: center;\"><a href=\"http:\/\/autourdesjardins.net\/wp-content\/uploads\/2022\/06\/Le-jardin-botanique-a-l.pdf\" target=\"_blank\" rel=\"noopener\">plus de d\u00e9tails <\/a> &nbsp;<\/p>\n<p style=\"text-align: center;\"><a href=\"http:\/\/autourdesjardins.net\/wp-content\/uploads\/2022\/06\/ISOLA-MADRE.mp4\" target=\"_blank\" rel=\"noopener\">diaporama Isola Madre<\/a><\/p>\n<p>&nbsp;<\/p>\n<p><a href=\"http:\/\/autourdesjardins.net\/wp-content\/uploads\/2022\/06\/Vue-de-notre-hotel-3-scaled.jpg\"><img decoding=\"async\" loading=\"lazy\" class=\" wp-image-2129 alignleft\" src=\"http:\/\/autourdesjardins.net\/wp-content\/uploads\/2022\/06\/Vue-de-notre-hotel-3-200x300.jpg\" alt=\"\" width=\"142\" height=\"213\" srcset=\"https:\/\/autourdesjardins.net\/wp-content\/uploads\/2022\/06\/Vue-de-notre-hotel-3-200x300.jpg 200w, https:\/\/autourdesjardins.net\/wp-content\/uploads\/2022\/06\/Vue-de-notre-hotel-3-684x1024.jpg 684w, https:\/\/autourdesjardins.net\/wp-content\/uploads\/2022\/06\/Vue-de-notre-hotel-3-100x150.jpg 100w, https:\/\/autourdesjardins.net\/wp-content\/uploads\/2022\/06\/Vue-de-notre-hotel-3-768x1150.jpg 768w, https:\/\/autourdesjardins.net\/wp-content\/uploads\/2022\/06\/Vue-de-notre-hotel-3-600x899.jpg 600w, https:\/\/autourdesjardins.net\/wp-content\/uploads\/2022\/06\/Vue-de-notre-hotel-3-1025x1536.jpg 1025w, https:\/\/autourdesjardins.net\/wp-content\/uploads\/2022\/06\/Vue-de-notre-hotel-3-1367x2048.jpg 1367w, https:\/\/autourdesjardins.net\/wp-content\/uploads\/2022\/06\/Vue-de-notre-hotel-3-scaled.jpg 1709w\" sizes=\"(max-width: 142px) 100vw, 142px\" \/><\/a>Retour \u00e0 Stresa pour retrouver notre car qui va nous conduire sur les bords du lac d&rsquo;Orta o\u00f9 se trouve notre h\u00f4tel. Nous y<a href=\"http:\/\/autourdesjardins.net\/wp-content\/uploads\/2022\/06\/Vue-de-notre-hotel-4-scaled.jpg\"><img decoding=\"async\" loading=\"lazy\" class=\" wp-image-2130 alignright\" src=\"http:\/\/autourdesjardins.net\/wp-content\/uploads\/2022\/06\/Vue-de-notre-hotel-4-300x200.jpg\" alt=\"\" width=\"221\" height=\"147\" srcset=\"https:\/\/autourdesjardins.net\/wp-content\/uploads\/2022\/06\/Vue-de-notre-hotel-4-300x200.jpg 300w, https:\/\/autourdesjardins.net\/wp-content\/uploads\/2022\/06\/Vue-de-notre-hotel-4-1024x684.jpg 1024w, https:\/\/autourdesjardins.net\/wp-content\/uploads\/2022\/06\/Vue-de-notre-hotel-4-150x100.jpg 150w, https:\/\/autourdesjardins.net\/wp-content\/uploads\/2022\/06\/Vue-de-notre-hotel-4-768x513.jpg 768w, https:\/\/autourdesjardins.net\/wp-content\/uploads\/2022\/06\/Vue-de-notre-hotel-4-600x401.jpg 600w, https:\/\/autourdesjardins.net\/wp-content\/uploads\/2022\/06\/Vue-de-notre-hotel-4-1536x1025.jpg 1536w, https:\/\/autourdesjardins.net\/wp-content\/uploads\/2022\/06\/Vue-de-notre-hotel-4-2048x1367.jpg 2048w\" sizes=\"(max-width: 221px) 100vw, 221px\" \/><\/a> sommes accueillis avec beaucoup de chaleur et de sympathie. C&rsquo;est un h\u00f4tel charmant avec une tr\u00e8s belle vue sur le lac. Apr\u00e8s un ap\u00e9ritif d&rsquo;accueil, un repas simple mais tr\u00e8s bon, chacun va enfin pouvoir trouver un lit douillet plus de 24 heures apr\u00e8s le d\u00e9part !<\/p>\n<p><strong>La Villa Cipressi<\/strong> : la villa des cypr\u00e8s&nbsp;<\/p>\n<p><a href=\"http:\/\/autourdesjardins.net\/wp-content\/uploads\/2022\/06\/villa-cipressi.jpg\"><img decoding=\"async\" loading=\"lazy\" class=\" wp-image-2131 alignleft\" src=\"http:\/\/autourdesjardins.net\/wp-content\/uploads\/2022\/06\/villa-cipressi-300x208.jpg\" alt=\"\" width=\"245\" height=\"170\" srcset=\"https:\/\/autourdesjardins.net\/wp-content\/uploads\/2022\/06\/villa-cipressi-300x208.jpg 300w, https:\/\/autourdesjardins.net\/wp-content\/uploads\/2022\/06\/villa-cipressi-150x104.jpg 150w, https:\/\/autourdesjardins.net\/wp-content\/uploads\/2022\/06\/villa-cipressi.jpg 528w\" sizes=\"(max-width: 245px) 100vw, 245px\" \/><\/a>Le vendredi, nous&nbsp; rejoignons le lac de C\u00f4me pour visiter cette belle villa qui est maintenant un h\u00f4tel particulier dot\u00e9 de tr\u00e8s beaux jardins. Nous avons chang\u00e9 de guide et celle-ci est plus sp\u00e9cialis\u00e9e dans le patrimoine mais beaucoup moins par la botanique. C&rsquo;est dommage car les jardins m\u00e9ritent le d\u00e9tour.<\/p>\n<p style=\"text-align: center;\"><a href=\"http:\/\/autourdesjardins.net\/wp-content\/uploads\/2022\/06\/Magnifique-jardin-botanique.pdf\" target=\"_blank\" rel=\"noopener\">Plus de d\u00e9tails<\/a><\/p>\n<p style=\"text-align: center;\"><a href=\"http:\/\/autourdesjardins.net\/wp-content\/uploads\/2022\/06\/Villa-Cipressi.mp4\" target=\"_blank\" rel=\"noopener\">Diaporama Villa Cipressi<\/a><\/p>\n<p>Apr\u00e8s une courte visite de Varenna, nous prenons le b\u00e2teau vers Bellagio o\u00f9 nous sommes attendus pour manger. Nous avons eu une petite frayeur car, en ce week-end de l&rsquo;Ascension, il y avait beaucoup de monde et le ferry qui devait nous prendre en charge \u00e9tait complet avant qu&rsquo;aucun de nous ne puisse monter \u00e0 bord. Heureusement, apr\u00e8s quelques bousculades et une l\u00e9g\u00e8re attente, nous avons pu embarquer sur un b\u00e2teau suppl\u00e9mentaire au trafic habituel.<\/p>\n<p>Apr\u00e8s le repas, nous rejoignons par b\u00e2teau, la perle du lac de C\u00f4me : <strong>la Villa Carlotta <a href=\"http:\/\/autourdesjardins.net\/wp-content\/uploads\/2022\/06\/Viila-Carlota-3-scaled.jpg\"><img decoding=\"async\" loading=\"lazy\" class=\"wp-image-2139 alignleft\" src=\"http:\/\/autourdesjardins.net\/wp-content\/uploads\/2022\/06\/Viila-Carlota-3-300x200.jpg\" alt=\"\" width=\"249\" height=\"166\" srcset=\"https:\/\/autourdesjardins.net\/wp-content\/uploads\/2022\/06\/Viila-Carlota-3-300x200.jpg 300w, https:\/\/autourdesjardins.net\/wp-content\/uploads\/2022\/06\/Viila-Carlota-3-1024x684.jpg 1024w, https:\/\/autourdesjardins.net\/wp-content\/uploads\/2022\/06\/Viila-Carlota-3-150x100.jpg 150w, https:\/\/autourdesjardins.net\/wp-content\/uploads\/2022\/06\/Viila-Carlota-3-768x513.jpg 768w, https:\/\/autourdesjardins.net\/wp-content\/uploads\/2022\/06\/Viila-Carlota-3-600x401.jpg 600w, https:\/\/autourdesjardins.net\/wp-content\/uploads\/2022\/06\/Viila-Carlota-3-1536x1025.jpg 1536w, https:\/\/autourdesjardins.net\/wp-content\/uploads\/2022\/06\/Viila-Carlota-3-2048x1367.jpg 2048w\" sizes=\"(max-width: 249px) 100vw, 249px\" \/><\/a><\/strong><\/p>\n<p>Cette villa est connue pour son c\u00f4t\u00e9 mus\u00e9e, avec ses collections d&rsquo;art conserv\u00e9es \u00e0 l&rsquo;int\u00e9rieur. Les jardins botaniques qui entourent la villa sont aussi tr\u00e8s c\u00e9l\u00e8bres. Nous avons pu les parcourir librement avant notre retour \u00e0 l&rsquo;h\u00f4tel.<\/p>\n<p style=\"text-align: center;\"><a style=\"color: #ff4b33;\" href=\"http:\/\/autourdesjardins.net\/wp-content\/uploads\/2022\/06\/Deux-parties-principales-se-font-echo.pdf\" target=\"_blank\" rel=\"noopener\">En savoir plus<\/a> &nbsp;&nbsp; &nbsp;&nbsp; &nbsp;&nbsp; &nbsp;&nbsp; &nbsp;&nbsp;<a href=\"http:\/\/autourdesjardins.net\/wp-content\/uploads\/2022\/06\/La-villa-Carlotta.mp4\" target=\"_blank\" rel=\"noopener\">Diaporama Villa Carlotta<\/a><\/p>\n<div id=\"attachment_2142\" style=\"width: 297px\" class=\"wp-caption alignright\"><a href=\"http:\/\/autourdesjardins.net\/wp-content\/uploads\/2022\/06\/villa-taranto.png\"><img aria-describedby=\"caption-attachment-2142\" decoding=\"async\" loading=\"lazy\" class=\"wp-image-2142 \" src=\"http:\/\/autourdesjardins.net\/wp-content\/uploads\/2022\/06\/villa-taranto-300x203.png\" alt=\"\" width=\"287\" height=\"194\" srcset=\"https:\/\/autourdesjardins.net\/wp-content\/uploads\/2022\/06\/villa-taranto-300x203.png 300w, https:\/\/autourdesjardins.net\/wp-content\/uploads\/2022\/06\/villa-taranto-150x102.png 150w, https:\/\/autourdesjardins.net\/wp-content\/uploads\/2022\/06\/villa-taranto-768x520.png 768w, https:\/\/autourdesjardins.net\/wp-content\/uploads\/2022\/06\/villa-taranto-600x406.png 600w, https:\/\/autourdesjardins.net\/wp-content\/uploads\/2022\/06\/villa-taranto.png 1024w\" sizes=\"(max-width: 287px) 100vw, 287px\" \/><\/a><p id=\"caption-attachment-2142\" class=\"wp-caption-text\">La villa Taranto<\/p><\/div>\n<p>Le samedi nous offrira encore 2 superbes visites. La premi\u00e8re, le matin, nous conduit sur le lac Majeur pour d\u00e9couvrir les jardins de la <strong>Villa Taranto<\/strong> \u00e0 Pallanza :<br \/>\n16 hectares de jardins fort bien entretenus. Le capitaine Neil Mac Eacharn en devenant le propri\u00e9taire, r\u00e9alise un travail consid\u00e9rable pour en faire un ensemble botanique parmi les meilleurs du monde. Et c&rsquo;est pour nous !!! bien accompagn\u00e9s par notre guide de jeudi qui a fait l&rsquo;unanimit\u00e9 aupr\u00e8s de nous tous.<\/p>\n<p><a href=\"http:\/\/autourdesjardins.net\/wp-content\/uploads\/2022\/06\/Taranto.pdf\" target=\"_blank\" rel=\"noopener\">Plus de d\u00e9tails<\/a>&nbsp; &nbsp; &nbsp; &nbsp; &nbsp; &nbsp;&nbsp;<a href=\"http:\/\/autourdesjardins.net\/wp-content\/uploads\/2022\/06\/Villa-Taranto-1.mp4\" target=\"_blank\" rel=\"noopener\">Diaporama villa Taranto<\/a> &nbsp; &nbsp; &nbsp; &nbsp; &nbsp; &nbsp; &nbsp; &nbsp; &nbsp;&nbsp;<\/p>\n<p><a href=\"http:\/\/autourdesjardins.net\/wp-content\/uploads\/2022\/06\/san-giulio.png\"><img decoding=\"async\" loading=\"lazy\" class=\"size-medium wp-image-2147 alignleft\" src=\"http:\/\/autourdesjardins.net\/wp-content\/uploads\/2022\/06\/san-giulio-300x123.png\" alt=\"\" width=\"300\" height=\"123\" srcset=\"https:\/\/autourdesjardins.net\/wp-content\/uploads\/2022\/06\/san-giulio-300x123.png 300w, https:\/\/autourdesjardins.net\/wp-content\/uploads\/2022\/06\/san-giulio-1024x419.png 1024w, https:\/\/autourdesjardins.net\/wp-content\/uploads\/2022\/06\/san-giulio-150x61.png 150w, https:\/\/autourdesjardins.net\/wp-content\/uploads\/2022\/06\/san-giulio-768x314.png 768w, https:\/\/autourdesjardins.net\/wp-content\/uploads\/2022\/06\/san-giulio-600x245.png 600w, https:\/\/autourdesjardins.net\/wp-content\/uploads\/2022\/06\/san-giulio.png 1100w\" sizes=\"(max-width: 300px) 100vw, 300px\" \/><\/a>Nous terminons notre p\u00e9riple sur les bords du lac D&rsquo;Orta&nbsp; (15 kms de longueur et 2 de large) pour la visite du charmant <strong>village d&rsquo;Orta<\/strong> et son centre historique, mais aussi nous effectuons un dernier passage en b\u00e2teau pour gagner l&rsquo;<strong>\u00eele Saint Giulio<\/strong> compl\u00e9tement d\u00e9di\u00e9e \u00e0 son monast\u00e8re.&nbsp;<\/p>\n<p><a href=\"http:\/\/autourdesjardins.net\/wp-content\/uploads\/2022\/06\/Bordant-le-lac-d.pdf\" target=\"_blank\" rel=\"noopener\">plus de d\u00e9tails&nbsp;<\/a> &nbsp; &nbsp; &nbsp; &nbsp; &nbsp; &nbsp; &nbsp; &nbsp; &nbsp; &nbsp; &nbsp;<a href=\"http:\/\/autourdesjardins.net\/wp-content\/uploads\/2022\/06\/Orta.mp4\" target=\"_blank\" rel=\"noopener\">Diaporama Orta et le monast\u00e8re de Saint Giulio<\/a>&nbsp; &nbsp; &nbsp;<\/p>\n<p>&nbsp;<\/p>\n<p>&nbsp; &nbsp; &nbsp;<\/p>\n<p>De retour \u00e0 l&rsquo;h\u00f4tel, nous pouvons \u00eatre pleinement satisfaits de ce s\u00e9jour qui a r\u00e9uni&nbsp; &nbsp; &nbsp; &nbsp; &nbsp; &nbsp;49 personnes dans une belle ambiance&#8230; Beaucoup<a style=\"color: #ff4b33;\" href=\"http:\/\/autourdesjardins.net\/wp-content\/uploads\/2022\/06\/8835fed4de3847a26822c5cc338a0cab_S.jpg\"><img decoding=\"async\" loading=\"lazy\" class=\"wp-image-2148 alignright\" src=\"http:\/\/autourdesjardins.net\/wp-content\/uploads\/2022\/06\/8835fed4de3847a26822c5cc338a0cab_S-300x300.jpg\" alt=\"\" width=\"102\" height=\"102\" srcset=\"https:\/\/autourdesjardins.net\/wp-content\/uploads\/2022\/06\/8835fed4de3847a26822c5cc338a0cab_S-300x300.jpg 300w, https:\/\/autourdesjardins.net\/wp-content\/uploads\/2022\/06\/8835fed4de3847a26822c5cc338a0cab_S-150x150.jpg 150w, https:\/\/autourdesjardins.net\/wp-content\/uploads\/2022\/06\/8835fed4de3847a26822c5cc338a0cab_S.jpg 400w\" sizes=\"(max-width: 102px) 100vw, 102px\" \/><\/a> ont voulu&nbsp;marquer ce dernier repas en prenant un&nbsp; spritz, ap\u00e9ritif soit disant v\u00e9nitien.<\/p>\n<p>&nbsp;<\/p>\n<p>Chacun pense maintenant au retour et ses 14 heures de car !!!<\/p>\n<div id=\"attachment_2149\" style=\"width: 597px\" class=\"wp-caption alignnone\"><a href=\"http:\/\/autourdesjardins.net\/wp-content\/uploads\/2022\/06\/Villa-Taranto-27.jpg\"><img aria-describedby=\"caption-attachment-2149\" decoding=\"async\" loading=\"lazy\" class=\"wp-image-2149\" src=\"http:\/\/autourdesjardins.net\/wp-content\/uploads\/2022\/06\/Villa-Taranto-27-300x106.jpg\" alt=\"\" width=\"587\" height=\"207\" srcset=\"https:\/\/autourdesjardins.net\/wp-content\/uploads\/2022\/06\/Villa-Taranto-27-300x106.jpg 300w, https:\/\/autourdesjardins.net\/wp-content\/uploads\/2022\/06\/Villa-Taranto-27-1024x360.jpg 1024w, https:\/\/autourdesjardins.net\/wp-content\/uploads\/2022\/06\/Villa-Taranto-27-150x53.jpg 150w, https:\/\/autourdesjardins.net\/wp-content\/uploads\/2022\/06\/Villa-Taranto-27-768x270.jpg 768w, https:\/\/autourdesjardins.net\/wp-content\/uploads\/2022\/06\/Villa-Taranto-27-600x211.jpg 600w, https:\/\/autourdesjardins.net\/wp-content\/uploads\/2022\/06\/Villa-Taranto-27-1536x541.jpg 1536w, https:\/\/autourdesjardins.net\/wp-content\/uploads\/2022\/06\/Villa-Taranto-27.jpg 2012w\" sizes=\"(max-width: 587px) 100vw, 587px\" \/><\/a><p id=\"caption-attachment-2149\" class=\"wp-caption-text\">le groupe au complet<\/p><\/div>\n<p>&nbsp; &nbsp; &nbsp; &nbsp; &nbsp; &nbsp; &nbsp; &nbsp; &nbsp; &nbsp; &nbsp; &nbsp; &nbsp; &nbsp; &nbsp; &nbsp;<\/p>\n","protected":false},"excerpt":{"rendered":"<p>Pour ses 20 ans d&rsquo;existence, notre association s&rsquo;est offert un petit bonheur en organisant, pendant ce long week-end de l&rsquo;Ascension, un voyage de 4 jours en Italie autour du lac Majeur, du lac de C\u00f4me et du petit lac d&rsquo;Orta. &hellip; <a href=\"https:\/\/autourdesjardins.net\/?p=2108\">Continuer la lecture <span class=\"meta-nav\">&rarr;<\/span><\/a><\/p>\n","protected":false},"author":4,"featured_media":0,"comment_status":"closed","ping_status":"closed","sticky":false,"template":"","format":"standard","meta":{"ngg_post_thumbnail":0,"spay_email":"","jetpack_publicize_message":""},"categories":[2],"tags":[],"jetpack_featured_media_url":"","jetpack_publicize_connections":[],"jetpack_sharing_enabled":true,"jetpack_shortlink":"https:\/\/wp.me\/p3ExMr-y0","_links":{"self":[{"href":"https:\/\/autourdesjardins.net\/index.php?rest_route=\/wp\/v2\/posts\/2108"}],"collection":[{"href":"https:\/\/autourdesjardins.net\/index.php?rest_route=\/wp\/v2\/posts"}],"about":[{"href":"https:\/\/autourdesjardins.net\/index.php?rest_route=\/wp\/v2\/types\/post"}],"author":[{"embeddable":true,"href":"https:\/\/autourdesjardins.net\/index.php?rest_route=\/wp\/v2\/users\/4"}],"replies":[{"embeddable":true,"href":"https:\/\/autourdesjardins.net\/index.php?rest_route=%2Fwp%2Fv2%2Fcomments&post=2108"}],"version-history":[{"count":28,"href":"https:\/\/autourdesjardins.net\/index.php?rest_route=\/wp\/v2\/posts\/2108\/revisions"}],"predecessor-version":[{"id":2206,"href":"https:\/\/autourdesjardins.net\/index.php?rest_route=\/wp\/v2\/posts\/2108\/revisions\/2206"}],"wp:attachment":[{"href":"https:\/\/autourdesjardins.net\/index.php?rest_route=%2Fwp%2Fv2%2Fmedia&parent=2108"}],"wp:term":[{"taxonomy":"category","embeddable":true,"href":"https:\/\/autourdesjardins.net\/index.php?rest_route=%2Fwp%2Fv2%2Fcategories&post=2108"},{"taxonomy":"post_tag","embeddable":true,"href":"https:\/\/autourdesjardins.net\/index.php?rest_route=%2Fwp%2Fv2%2Ftags&post=2108"}],"curies":[{"name":"wp","href":"https:\/\/api.w.org\/{rel}","templated":true}]}}