{"id":179,"date":"2016-05-01T00:00:27","date_gmt":"2016-04-30T23:00:27","guid":{"rendered":"http:\/\/autourdesjardins.net\/?p=179"},"modified":"2015-06-09T16:30:42","modified_gmt":"2015-06-09T15:30:42","slug":"les-saints-de-glace","status":"publish","type":"post","link":"https:\/\/autourdesjardins.net\/?p=179","title":{"rendered":"Les saints de glace"},"content":{"rendered":"<p>LES SAINTS DE GLACE<\/p>\n<p>&nbsp;<\/p>\n<p>&nbsp;<\/p>\n<p>Bas\u00e9e sur une vieille croyance reposant sur des observations dans les champs et les vignes, il est tous les ans une question qui revient et fait r\u00e9f\u00e9rence aux Saints de Glace et aux variations climatiques de cette p\u00e9riode.<br \/>\nD&rsquo;abord il faut savoir qu&rsquo;il s&rsquo;agit du 11, 12 et 13 mai, dates de mauvaise r\u00e9putation pour toutes les \u00ab\u00a0mains vertes\u00a0\u00bb qui ne jardinent jamais avant le passage de ces journ\u00e9es annonciatrices d&rsquo;un retour tardif des gel\u00e9es, capables de r\u00e9duire \u00e0 z\u00e9ro le travail des t\u00e9m\u00e9raires qui auraient os\u00e9 planter avant cette \u00e9ch\u00e9ance.<br \/>\nNe cherchez pas sur les calendriers la trilogie de ces Saints que sont Saint-Mamert, Saint-Pancrace et Saint-Servais qui ont \u00e9t\u00e9 remplac\u00e9s par Sainte-Estelle, Saint-Achille et Sainte-Rolande.Cette substitution fut termin\u00e9e lors du dernier concile de l&rsquo;Eglise catholique en 1960 qui \u00ab\u00a0nettoya\u00a0\u00bb le calendrier de tous les personnages donnant lieu \u00e0 des pratiques rituelles peu conforme avec la liturgie et consid\u00e9r\u00e9es comme entach\u00e9es de fond pa\u00efen.<\/p>\n<p>Et c&rsquo;est ainsi que nos \u00ab\u00a0braves Saints de Glace\u00a0\u00bb furent ray\u00e9s au m\u00eame titre que les gu\u00e9risseurs, retrouveurs d&rsquo;objets perdus ou encore traitant de la m\u00e9t\u00e9orologie&#8230; Bien s\u00fbr ils \u00e9taient tous les ans implor\u00e9s par les agriculteurs et les viticulteurs, qui \u00e0 cette occasion retrouvaient et r\u00e9citaient au cours de processions avec Monsieur le cur\u00e9 en t\u00eate, de pieuses pri\u00e8res qui n&rsquo;\u00e9taient pas forc\u00e9ment d\u00e9nu\u00e9es d&rsquo;arri\u00e8re-pens\u00e9es int\u00e9ress\u00e9es.<\/p>\n<p>Et pourtant si nous en recherchons les origines lointaines, tr\u00e8s lointaines m\u00eame, des gens d&rsquo;alors avaient constat\u00e9 qu&rsquo;une brutale chute de la temp\u00e9rature nocturne ou plut\u00f4t matinale arrivait tous les ans aux alentours de ces trois journ\u00e9es. Cet \u00e9l\u00e9ment climatologique qu&rsquo;est le gel, particuli\u00e8rement d\u00e9sastreux pour les plantations qui pourraient se trouver alors en d\u00e9but de germination, les incitait \u00e0 laisser passer l&rsquo;\u00e9v\u00e9nement avant d&rsquo;entreprendre les grands travaux de printemps, et pour les jardiniers et mara\u00eecher planter, repiquer, semer, mettre en terre en toute qui\u00e9tude.\u00a0Aujourd&rsquo;hui encore ils ne n\u00e9gligent pas ce vieux dicton et m\u00eame la M\u00e9t\u00e9orologie pourtant peu soucieuse des proverbes, ne nie pas qu&rsquo;il existe une p\u00e9riode tr\u00e8s froide qui peut survenir jusqu\u2019en fin mai.<\/p>\n<p>Quant aux astrophysiciens, sp\u00e9cialistes particuli\u00e8rement minutieux, ils ont pour leur part remarqu\u00e9 \u00ab\u00a0que vers la mi-mars, l&rsquo;orbite de la terre passerait par une zone de l&rsquo;espace sid\u00e9ral particuli\u00e8rement charg\u00e9e de poussi\u00e8res, ce qui entra\u00eenerait une baisse de l&rsquo;apport solaire sur notre plan\u00e8te et donc une diminution de la temp\u00e9rature.\u00a0\u00bb<\/p>\n<p>Ainsi leur sort \u00e9tant r\u00e9gl\u00e9 et ces chr\u00e9tiens bannis des calendriers, il est peut-\u00eatre int\u00e9ressant de les d\u00e9couvrir \u00e0 nouveau&#8230;<\/p>\n<p><em>11 Ma<\/em>i : Saint-Mamert, ancien archev\u00eaque de Vienne (en Gaule), serait mort vers 474.<br \/>\n12<em> Mai<\/em> : Saint-Pancrace, neveu de Saint-Denis (c\u00e9l\u00e8bre pour la triste histoire des fl\u00e8ches?) serait mort martyr en 304 \u00e0 l&rsquo;\u00e2ge de 14 ans.<br \/>\n<em>13 Mai<\/em> : Saint-Servais\u00a0(souvent confondu avec Saint- Gervais) aurait subit le martyre \u00e0 Milan avec son fr\u00e8re Portaux sous l&#8217;empereur N\u00e9ron. Il fut le premier \u00e0 dispara\u00eetre du calendrier, remplac\u00e9 en 1811 par Saint On\u00e9sime et aujourd&rsquo;hui par Sainte Rolande.<br \/>\nAinsi va le monde, moderne oui, mais toujours attach\u00e9 \u00e0 ses racines\u00a0!<br \/>\n( Avril 2000 &#8211; ce texte est le condens\u00e9 de recherches effectu\u00e9es par henry)<\/p>\n","protected":false},"excerpt":{"rendered":"<p>LES SAINTS DE GLACE &nbsp; &nbsp; Bas\u00e9e sur une vieille croyance reposant sur des observations dans les champs et les vignes, il est tous les ans une question qui revient et fait r\u00e9f\u00e9rence aux Saints de Glace et aux variations &hellip; <a href=\"https:\/\/autourdesjardins.net\/?p=179\">Continuer la lecture <span class=\"meta-nav\">&rarr;<\/span><\/a><\/p>\n","protected":false},"author":3,"featured_media":0,"comment_status":"closed","ping_status":"closed","sticky":false,"template":"","format":"standard","meta":{"ngg_post_thumbnail":0,"spay_email":"","jetpack_publicize_message":""},"categories":[1],"tags":[],"jetpack_featured_media_url":"","jetpack_publicize_connections":[],"jetpack_sharing_enabled":true,"jetpack_shortlink":"https:\/\/wp.me\/p3ExMr-2T","_links":{"self":[{"href":"https:\/\/autourdesjardins.net\/index.php?rest_route=\/wp\/v2\/posts\/179"}],"collection":[{"href":"https:\/\/autourdesjardins.net\/index.php?rest_route=\/wp\/v2\/posts"}],"about":[{"href":"https:\/\/autourdesjardins.net\/index.php?rest_route=\/wp\/v2\/types\/post"}],"author":[{"embeddable":true,"href":"https:\/\/autourdesjardins.net\/index.php?rest_route=\/wp\/v2\/users\/3"}],"replies":[{"embeddable":true,"href":"https:\/\/autourdesjardins.net\/index.php?rest_route=%2Fwp%2Fv2%2Fcomments&post=179"}],"version-history":[{"count":1,"href":"https:\/\/autourdesjardins.net\/index.php?rest_route=\/wp\/v2\/posts\/179\/revisions"}],"predecessor-version":[{"id":180,"href":"https:\/\/autourdesjardins.net\/index.php?rest_route=\/wp\/v2\/posts\/179\/revisions\/180"}],"wp:attachment":[{"href":"https:\/\/autourdesjardins.net\/index.php?rest_route=%2Fwp%2Fv2%2Fmedia&parent=179"}],"wp:term":[{"taxonomy":"category","embeddable":true,"href":"https:\/\/autourdesjardins.net\/index.php?rest_route=%2Fwp%2Fv2%2Fcategories&post=179"},{"taxonomy":"post_tag","embeddable":true,"href":"https:\/\/autourdesjardins.net\/index.php?rest_route=%2Fwp%2Fv2%2Ftags&post=179"}],"curies":[{"name":"wp","href":"https:\/\/api.w.org\/{rel}","templated":true}]}}