{"id":2591,"date":"2025-06-13T10:20:47","date_gmt":"2025-06-13T09:20:47","guid":{"rendered":"https:\/\/autourdesjardins.net\/?p=2591"},"modified":"2025-06-13T10:51:24","modified_gmt":"2025-06-13T09:51:24","slug":"le-jardin-du-chateau-de-groirie-et-le-conservatoire-de-la-pivoine","status":"publish","type":"post","link":"http:\/\/autourdesjardins.net\/?p=2591","title":{"rendered":"Le jardin du ch\u00e2teau de Groirie et le conservatoire de la Pivoine"},"content":{"rendered":"<p>&nbsp;<\/p>\n<p>Le 24 mai, nous \u00e9tions 27 \u00e0 nous diriger dans la Sarthe en co-voiturage pour une belle journ\u00e9e o\u00f9 nous avons visit\u00e9 les jardins du ch\u00e2teau de Groirie \u00e0 Trang\u00e9, le matin, puis le conservatoire de la pivoine au ch\u00e2teau de Sourches \u00e0 Saint-Symphorien (72), l&rsquo;apr\u00e8s midi.<\/p>\n<p>Entre ces deux visites, nous avons pique-niqu\u00e9 tous ensemble \u00e0 l&rsquo;\u00e9tang de p\u00eache d&rsquo;un petit village nomm\u00e9 Amn\u00e9.<\/p>\n<p><em>Le jardin du ch\u00e2teau de Groirie :<a href=\"http:\/\/autourdesjardins.net\/wp-content\/uploads\/2025\/06\/IMG_4882-scaled.jpg\" target=\"_blank\" rel=\"noopener\"><img decoding=\"async\" loading=\"lazy\" class=\" wp-image-2593 alignright\" src=\"http:\/\/autourdesjardins.net\/wp-content\/uploads\/2025\/06\/IMG_4882-300x200.jpg\" alt=\"\" width=\"240\" height=\"160\" srcset=\"http:\/\/autourdesjardins.net\/wp-content\/uploads\/2025\/06\/IMG_4882-300x200.jpg 300w, http:\/\/autourdesjardins.net\/wp-content\/uploads\/2025\/06\/IMG_4882-1024x684.jpg 1024w, http:\/\/autourdesjardins.net\/wp-content\/uploads\/2025\/06\/IMG_4882-150x100.jpg 150w, http:\/\/autourdesjardins.net\/wp-content\/uploads\/2025\/06\/IMG_4882-768x513.jpg 768w, http:\/\/autourdesjardins.net\/wp-content\/uploads\/2025\/06\/IMG_4882-600x401.jpg 600w, http:\/\/autourdesjardins.net\/wp-content\/uploads\/2025\/06\/IMG_4882-1536x1025.jpg 1536w, http:\/\/autourdesjardins.net\/wp-content\/uploads\/2025\/06\/IMG_4882-2048x1367.jpg 2048w\" sizes=\"(max-width: 240px) 100vw, 240px\" \/><\/a><\/em><br \/>\nCe ch\u00e2teau est d&rsquo;abord un h\u00f4tel-restaurant, lieu de r\u00e9ception pour mariages ou s\u00e9minaires.<\/p>\n<p>Le parc et les jardins se d\u00e9ploient autour d&rsquo;un beau b\u00e2ti, bien entretenu.<br \/>\nNous avons fait une promenade libre dans le parc&nbsp; assez vaste et plant\u00e9 de beaux arbres, remarquables par leur taille et leur port.<\/p>\n<p>Notre cheminement nous a conduit \u00e0 une tr\u00e8s belle roseraie, organis\u00e9e en carr\u00e9 <a href=\"http:\/\/autourdesjardins.net\/wp-content\/uploads\/2025\/06\/IMG_4904-scaled.jpg\" target=\"_blank\" rel=\"noopener\"><img decoding=\"async\" loading=\"lazy\" class=\" wp-image-2594 alignleft\" src=\"http:\/\/autourdesjardins.net\/wp-content\/uploads\/2025\/06\/IMG_4904-300x200.jpg\" alt=\"\" width=\"263\" height=\"175\" srcset=\"http:\/\/autourdesjardins.net\/wp-content\/uploads\/2025\/06\/IMG_4904-300x200.jpg 300w, http:\/\/autourdesjardins.net\/wp-content\/uploads\/2025\/06\/IMG_4904-1024x684.jpg 1024w, http:\/\/autourdesjardins.net\/wp-content\/uploads\/2025\/06\/IMG_4904-150x100.jpg 150w, http:\/\/autourdesjardins.net\/wp-content\/uploads\/2025\/06\/IMG_4904-768x513.jpg 768w, http:\/\/autourdesjardins.net\/wp-content\/uploads\/2025\/06\/IMG_4904-600x401.jpg 600w, http:\/\/autourdesjardins.net\/wp-content\/uploads\/2025\/06\/IMG_4904-1536x1025.jpg 1536w, http:\/\/autourdesjardins.net\/wp-content\/uploads\/2025\/06\/IMG_4904-2048x1367.jpg 2048w\" sizes=\"(max-width: 263px) 100vw, 263px\" \/><\/a> entour\u00e9es de buis.&nbsp; Dommage que la signal\u00e9tique&nbsp; soit compl\u00e8tement effac\u00e9e car c&rsquo;\u00e9tait bien agr\u00e9able d&rsquo;y d\u00e9ambuler.<br \/>\nNous y avons pass\u00e9 un moment agr\u00e9able et d\u00e9tendant. Ce lieu m\u00e9riterait un meilleur entretien pour une visite encore plus plaisante.<\/p>\n<p style=\"text-align: center;\"><a href=\"http:\/\/autourdesjardins.net\/wp-content\/uploads\/2025\/06\/Groirie.mp4\" target=\"_blank\" rel=\"noopener\">Un petit diaporama pour illustrer ce lieu<\/a><\/p>\n<p>Un pique-nique amical o\u00f9 les \u00e9changes ont \u00e9t\u00e9 nombreux et bien agr\u00e9ables<\/p>\n<p style=\"text-align: center;\"><a href=\"http:\/\/autourdesjardins.net\/wp-content\/uploads\/2025\/06\/IMG_4920-scaled.jpg\" target=\"_blank\" rel=\"noopener\"><img decoding=\"async\" loading=\"lazy\" class=\"size-medium wp-image-2596 aligncenter\" src=\"http:\/\/autourdesjardins.net\/wp-content\/uploads\/2025\/06\/IMG_4920-300x200.jpg\" alt=\"\" width=\"300\" height=\"200\" srcset=\"http:\/\/autourdesjardins.net\/wp-content\/uploads\/2025\/06\/IMG_4920-300x200.jpg 300w, http:\/\/autourdesjardins.net\/wp-content\/uploads\/2025\/06\/IMG_4920-1024x684.jpg 1024w, http:\/\/autourdesjardins.net\/wp-content\/uploads\/2025\/06\/IMG_4920-150x100.jpg 150w, http:\/\/autourdesjardins.net\/wp-content\/uploads\/2025\/06\/IMG_4920-768x513.jpg 768w, http:\/\/autourdesjardins.net\/wp-content\/uploads\/2025\/06\/IMG_4920-600x401.jpg 600w, http:\/\/autourdesjardins.net\/wp-content\/uploads\/2025\/06\/IMG_4920-1536x1025.jpg 1536w, http:\/\/autourdesjardins.net\/wp-content\/uploads\/2025\/06\/IMG_4920-2048x1367.jpg 2048w\" sizes=\"(max-width: 300px) 100vw, 300px\" \/>&nbsp; cliquez la photo pour l&rsquo;agrandir<\/a><\/p>\n<p>&nbsp;<\/p>\n<p><em>Le conservatoire des Pivoines :<a href=\"http:\/\/autourdesjardins.net\/wp-content\/uploads\/2025\/06\/IMG_4921-scaled.jpg\" target=\"_blank\" rel=\"noopener\"><img decoding=\"async\" loading=\"lazy\" class=\"size-medium wp-image-2597 alignright\" src=\"http:\/\/autourdesjardins.net\/wp-content\/uploads\/2025\/06\/IMG_4921-300x200.jpg\" alt=\"\" width=\"300\" height=\"200\" srcset=\"http:\/\/autourdesjardins.net\/wp-content\/uploads\/2025\/06\/IMG_4921-300x200.jpg 300w, http:\/\/autourdesjardins.net\/wp-content\/uploads\/2025\/06\/IMG_4921-1024x684.jpg 1024w, http:\/\/autourdesjardins.net\/wp-content\/uploads\/2025\/06\/IMG_4921-150x100.jpg 150w, http:\/\/autourdesjardins.net\/wp-content\/uploads\/2025\/06\/IMG_4921-768x513.jpg 768w, http:\/\/autourdesjardins.net\/wp-content\/uploads\/2025\/06\/IMG_4921-600x401.jpg 600w, http:\/\/autourdesjardins.net\/wp-content\/uploads\/2025\/06\/IMG_4921-1536x1025.jpg 1536w, http:\/\/autourdesjardins.net\/wp-content\/uploads\/2025\/06\/IMG_4921-2048x1367.jpg 2048w\" sizes=\"(max-width: 300px) 100vw, 300px\" \/><\/a><\/em><\/p>\n<p>C&rsquo;est vraiment un lieu magique que ce conservatoire. Log\u00e9es au creux des douves (ass\u00e9ch\u00e9es) se d\u00e9ploient une myriade de pivoines toutes diff\u00e9rentes, parfaitement identifi\u00e9es.<\/p>\n<p><a href=\"http:\/\/autourdesjardins.net\/wp-content\/uploads\/2025\/06\/IMG_4963-scaled.jpg\" target=\"_blank\" rel=\"noopener\"><img decoding=\"async\" loading=\"lazy\" class=\" wp-image-2599 alignleft\" src=\"http:\/\/autourdesjardins.net\/wp-content\/uploads\/2025\/06\/IMG_4963-300x200.jpg\" alt=\"\" width=\"312\" height=\"208\" srcset=\"http:\/\/autourdesjardins.net\/wp-content\/uploads\/2025\/06\/IMG_4963-300x200.jpg 300w, http:\/\/autourdesjardins.net\/wp-content\/uploads\/2025\/06\/IMG_4963-1024x684.jpg 1024w, http:\/\/autourdesjardins.net\/wp-content\/uploads\/2025\/06\/IMG_4963-150x100.jpg 150w, http:\/\/autourdesjardins.net\/wp-content\/uploads\/2025\/06\/IMG_4963-768x513.jpg 768w, http:\/\/autourdesjardins.net\/wp-content\/uploads\/2025\/06\/IMG_4963-600x401.jpg 600w, http:\/\/autourdesjardins.net\/wp-content\/uploads\/2025\/06\/IMG_4963-1536x1025.jpg 1536w, http:\/\/autourdesjardins.net\/wp-content\/uploads\/2025\/06\/IMG_4963-2048x1367.jpg 2048w\" sizes=\"(max-width: 312px) 100vw, 312px\" \/><\/a>On en prend \u00ab\u00a0plein la vue\u00a0\u00bb.&nbsp; &nbsp; &nbsp; &nbsp; &nbsp; &nbsp; &nbsp; &nbsp; &nbsp; &nbsp; &nbsp; &nbsp; &nbsp; &nbsp; Une heure et demie \u00e0 scruter les d\u00e9tails, les coloris subtils, les formes aussi diff\u00e9rentes les unes que les autres autant pour les fleurs que pour les feuillages.<\/p>\n<p>Un moment donn\u00e9 on arrive presque \u00e0 saturation visuelle, \u00e9merveill\u00e9s !<\/p>\n<p><a href=\"http:\/\/autourdesjardins.net\/wp-content\/uploads\/2025\/06\/Pivoines.mp4\" target=\"_blank\" rel=\"noopener\">Un petit diaporama pour faire la visite&nbsp;<\/a><\/p>\n","protected":false},"excerpt":{"rendered":"<p>&nbsp; Le 24 mai, nous \u00e9tions 27 \u00e0 nous diriger dans la Sarthe en co-voiturage pour une belle journ\u00e9e o\u00f9 nous avons visit\u00e9 les jardins du ch\u00e2teau de Groirie \u00e0 Trang\u00e9, le matin, puis le conservatoire de la pivoine au &hellip; <a href=\"http:\/\/autourdesjardins.net\/?p=2591\">Continuer la lecture <span class=\"meta-nav\">&rarr;<\/span><\/a><\/p>\n","protected":false},"author":4,"featured_media":0,"comment_status":"closed","ping_status":"closed","sticky":false,"template":"","format":"standard","meta":{"ngg_post_thumbnail":0,"spay_email":"","jetpack_publicize_message":""},"categories":[1,2],"tags":[],"jetpack_featured_media_url":"","jetpack_publicize_connections":[],"jetpack_sharing_enabled":true,"jetpack_shortlink":"https:\/\/wp.me\/p3ExMr-FN","_links":{"self":[{"href":"http:\/\/autourdesjardins.net\/index.php?rest_route=\/wp\/v2\/posts\/2591"}],"collection":[{"href":"http:\/\/autourdesjardins.net\/index.php?rest_route=\/wp\/v2\/posts"}],"about":[{"href":"http:\/\/autourdesjardins.net\/index.php?rest_route=\/wp\/v2\/types\/post"}],"author":[{"embeddable":true,"href":"http:\/\/autourdesjardins.net\/index.php?rest_route=\/wp\/v2\/users\/4"}],"replies":[{"embeddable":true,"href":"http:\/\/autourdesjardins.net\/index.php?rest_route=%2Fwp%2Fv2%2Fcomments&post=2591"}],"version-history":[{"count":8,"href":"http:\/\/autourdesjardins.net\/index.php?rest_route=\/wp\/v2\/posts\/2591\/revisions"}],"predecessor-version":[{"id":2608,"href":"http:\/\/autourdesjardins.net\/index.php?rest_route=\/wp\/v2\/posts\/2591\/revisions\/2608"}],"wp:attachment":[{"href":"http:\/\/autourdesjardins.net\/index.php?rest_route=%2Fwp%2Fv2%2Fmedia&parent=2591"}],"wp:term":[{"taxonomy":"category","embeddable":true,"href":"http:\/\/autourdesjardins.net\/index.php?rest_route=%2Fwp%2Fv2%2Fcategories&post=2591"},{"taxonomy":"post_tag","embeddable":true,"href":"http:\/\/autourdesjardins.net\/index.php?rest_route=%2Fwp%2Fv2%2Ftags&post=2591"}],"curies":[{"name":"wp","href":"https:\/\/api.w.org\/{rel}","templated":true}]}}