{"id":2543,"date":"2025-03-16T17:32:25","date_gmt":"2025-03-16T16:32:25","guid":{"rendered":"https:\/\/autourdesjardins.net\/?p=2543"},"modified":"2025-03-16T17:40:13","modified_gmt":"2025-03-16T16:40:13","slug":"atelier-taille-des-rosiers","status":"publish","type":"post","link":"http:\/\/autourdesjardins.net\/?p=2543","title":{"rendered":"Atelier taille des rosiers"},"content":{"rendered":"<p><span style=\"color: #008000;\"><strong>atelier taille des rosiers<\/strong><\/span><\/p>\n<p><a href=\"http:\/\/autourdesjardins.net\/wp-content\/uploads\/2025\/03\/IMG_4655-scaled.jpg\" target=\"_blank\" rel=\"noopener\"><img decoding=\"async\" loading=\"lazy\" class=\" wp-image-2545 alignleft\" src=\"http:\/\/autourdesjardins.net\/wp-content\/uploads\/2025\/03\/IMG_4655-200x300.jpg\" alt=\"\" width=\"190\" height=\"285\" srcset=\"http:\/\/autourdesjardins.net\/wp-content\/uploads\/2025\/03\/IMG_4655-200x300.jpg 200w, http:\/\/autourdesjardins.net\/wp-content\/uploads\/2025\/03\/IMG_4655-684x1024.jpg 684w, http:\/\/autourdesjardins.net\/wp-content\/uploads\/2025\/03\/IMG_4655-100x150.jpg 100w, http:\/\/autourdesjardins.net\/wp-content\/uploads\/2025\/03\/IMG_4655-768x1150.jpg 768w, http:\/\/autourdesjardins.net\/wp-content\/uploads\/2025\/03\/IMG_4655-600x899.jpg 600w, http:\/\/autourdesjardins.net\/wp-content\/uploads\/2025\/03\/IMG_4655-1025x1536.jpg 1025w, http:\/\/autourdesjardins.net\/wp-content\/uploads\/2025\/03\/IMG_4655-1367x2048.jpg 1367w, http:\/\/autourdesjardins.net\/wp-content\/uploads\/2025\/03\/IMG_4655-scaled.jpg 1709w\" sizes=\"(max-width: 190px) 100vw, 190px\" \/><\/a>Cette ann\u00e9e, nous nous sommes retrouv\u00e9s une bonne quinzaine de personnes \u00e0 cet atelier qui se tenait dans le jardin de nos amis adh\u00e9rents Christine et Andr\u00e9 Turlot \u00e0 Nogent le Rotrou.<br \/>\nNotre animateur, Thierry Gilson, a su capter l&rsquo;attention de tous en apportant beaucoup de conseils et en faisant des d\u00e9monstrations de taille vigoureuse.<br \/>\nL&rsquo;int\u00e9r\u00eat d&rsquo;\u00eatre dans un jardin particulier est que cela ressemble beaucoup plus \u00e0 la situation de nos jardins personnels et les probl\u00e9matiques de taille sont celles que nous rencontrons.<br \/>\nMerci beaucoup \u00e0 Thierry Gilson de nous accorder ses comp\u00e9tences et son temps.<br \/>\nMerci \u00e9galement pour l&rsquo;accueil chaleureux que nous ont r\u00e9serv\u00e9 Christine et Andr\u00e9.<\/p>\n<p><em>Cliquez sur la photo pour l&rsquo;agrandir<\/em><\/p>\n<p><a href=\"http:\/\/autourdesjardins.net\/wp-content\/uploads\/2025\/03\/IMG_4654-scaled.jpg\" target=\"_blank\" rel=\"noopener\"><img decoding=\"async\" loading=\"lazy\" class=\"alignnone wp-image-2544\" src=\"http:\/\/autourdesjardins.net\/wp-content\/uploads\/2025\/03\/IMG_4654-300x200.jpg\" alt=\"\" width=\"207\" height=\"138\" srcset=\"http:\/\/autourdesjardins.net\/wp-content\/uploads\/2025\/03\/IMG_4654-300x200.jpg 300w, http:\/\/autourdesjardins.net\/wp-content\/uploads\/2025\/03\/IMG_4654-1024x684.jpg 1024w, http:\/\/autourdesjardins.net\/wp-content\/uploads\/2025\/03\/IMG_4654-150x100.jpg 150w, http:\/\/autourdesjardins.net\/wp-content\/uploads\/2025\/03\/IMG_4654-768x513.jpg 768w, http:\/\/autourdesjardins.net\/wp-content\/uploads\/2025\/03\/IMG_4654-600x401.jpg 600w, http:\/\/autourdesjardins.net\/wp-content\/uploads\/2025\/03\/IMG_4654-1536x1025.jpg 1536w, http:\/\/autourdesjardins.net\/wp-content\/uploads\/2025\/03\/IMG_4654-2048x1367.jpg 2048w\" sizes=\"(max-width: 207px) 100vw, 207px\" \/><\/a> <a href=\"http:\/\/autourdesjardins.net\/wp-content\/uploads\/2025\/03\/IMG_4656-scaled.jpg\" target=\"_blank\" rel=\"noopener\"><img decoding=\"async\" loading=\"lazy\" class=\"alignnone wp-image-2546\" src=\"http:\/\/autourdesjardins.net\/wp-content\/uploads\/2025\/03\/IMG_4656-300x200.jpg\" alt=\"\" width=\"209\" height=\"140\" srcset=\"http:\/\/autourdesjardins.net\/wp-content\/uploads\/2025\/03\/IMG_4656-300x200.jpg 300w, http:\/\/autourdesjardins.net\/wp-content\/uploads\/2025\/03\/IMG_4656-1024x684.jpg 1024w, http:\/\/autourdesjardins.net\/wp-content\/uploads\/2025\/03\/IMG_4656-150x100.jpg 150w, http:\/\/autourdesjardins.net\/wp-content\/uploads\/2025\/03\/IMG_4656-768x513.jpg 768w, http:\/\/autourdesjardins.net\/wp-content\/uploads\/2025\/03\/IMG_4656-600x401.jpg 600w, http:\/\/autourdesjardins.net\/wp-content\/uploads\/2025\/03\/IMG_4656-1536x1025.jpg 1536w, http:\/\/autourdesjardins.net\/wp-content\/uploads\/2025\/03\/IMG_4656-2048x1367.jpg 2048w\" sizes=\"(max-width: 209px) 100vw, 209px\" \/><\/a> <a href=\"http:\/\/autourdesjardins.net\/wp-content\/uploads\/2025\/03\/IMG_4657-scaled.jpg\" target=\"_blank\" rel=\"noopener\"><img decoding=\"async\" loading=\"lazy\" class=\"alignnone wp-image-2547\" src=\"http:\/\/autourdesjardins.net\/wp-content\/uploads\/2025\/03\/IMG_4657-300x200.jpg\" alt=\"\" width=\"210\" height=\"140\" srcset=\"http:\/\/autourdesjardins.net\/wp-content\/uploads\/2025\/03\/IMG_4657-300x200.jpg 300w, http:\/\/autourdesjardins.net\/wp-content\/uploads\/2025\/03\/IMG_4657-1024x684.jpg 1024w, http:\/\/autourdesjardins.net\/wp-content\/uploads\/2025\/03\/IMG_4657-150x100.jpg 150w, http:\/\/autourdesjardins.net\/wp-content\/uploads\/2025\/03\/IMG_4657-768x513.jpg 768w, http:\/\/autourdesjardins.net\/wp-content\/uploads\/2025\/03\/IMG_4657-600x401.jpg 600w, http:\/\/autourdesjardins.net\/wp-content\/uploads\/2025\/03\/IMG_4657-1536x1025.jpg 1536w, http:\/\/autourdesjardins.net\/wp-content\/uploads\/2025\/03\/IMG_4657-2048x1367.jpg 2048w\" sizes=\"(max-width: 210px) 100vw, 210px\" \/><\/a><\/p>\n","protected":false},"excerpt":{"rendered":"<p>atelier taille des rosiers Cette ann\u00e9e, nous nous sommes retrouv\u00e9s une bonne quinzaine de personnes \u00e0 cet atelier qui se tenait dans le jardin de nos amis adh\u00e9rents Christine et Andr\u00e9 Turlot \u00e0 Nogent le Rotrou. Notre animateur, Thierry Gilson, &hellip; <a href=\"http:\/\/autourdesjardins.net\/?p=2543\">Continuer la lecture <span class=\"meta-nav\">&rarr;<\/span><\/a><\/p>\n","protected":false},"author":4,"featured_media":0,"comment_status":"closed","ping_status":"closed","sticky":false,"template":"","format":"standard","meta":{"ngg_post_thumbnail":0,"spay_email":"","jetpack_publicize_message":""},"categories":[19,1],"tags":[],"jetpack_featured_media_url":"","jetpack_publicize_connections":[],"jetpack_sharing_enabled":true,"jetpack_shortlink":"https:\/\/wp.me\/p3ExMr-F1","_links":{"self":[{"href":"http:\/\/autourdesjardins.net\/index.php?rest_route=\/wp\/v2\/posts\/2543"}],"collection":[{"href":"http:\/\/autourdesjardins.net\/index.php?rest_route=\/wp\/v2\/posts"}],"about":[{"href":"http:\/\/autourdesjardins.net\/index.php?rest_route=\/wp\/v2\/types\/post"}],"author":[{"embeddable":true,"href":"http:\/\/autourdesjardins.net\/index.php?rest_route=\/wp\/v2\/users\/4"}],"replies":[{"embeddable":true,"href":"http:\/\/autourdesjardins.net\/index.php?rest_route=%2Fwp%2Fv2%2Fcomments&post=2543"}],"version-history":[{"count":4,"href":"http:\/\/autourdesjardins.net\/index.php?rest_route=\/wp\/v2\/posts\/2543\/revisions"}],"predecessor-version":[{"id":2553,"href":"http:\/\/autourdesjardins.net\/index.php?rest_route=\/wp\/v2\/posts\/2543\/revisions\/2553"}],"wp:attachment":[{"href":"http:\/\/autourdesjardins.net\/index.php?rest_route=%2Fwp%2Fv2%2Fmedia&parent=2543"}],"wp:term":[{"taxonomy":"category","embeddable":true,"href":"http:\/\/autourdesjardins.net\/index.php?rest_route=%2Fwp%2Fv2%2Fcategories&post=2543"},{"taxonomy":"post_tag","embeddable":true,"href":"http:\/\/autourdesjardins.net\/index.php?rest_route=%2Fwp%2Fv2%2Ftags&post=2543"}],"curies":[{"name":"wp","href":"https:\/\/api.w.org\/{rel}","templated":true}]}}