{"id":2529,"date":"2025-02-07T11:21:07","date_gmt":"2025-02-07T10:21:07","guid":{"rendered":"https:\/\/autourdesjardins.net\/?p=2529"},"modified":"2025-02-07T18:48:14","modified_gmt":"2025-02-07T17:48:14","slug":"apres-midi-crepes","status":"publish","type":"post","link":"http:\/\/autourdesjardins.net\/?p=2529","title":{"rendered":"Apr\u00e8s-midi cr\u00eapes"},"content":{"rendered":"<p>LA CHANDELEUR DES AMIS DES JARDINS !<\/p>\n<p><img decoding=\"async\" loading=\"lazy\" class=\"size-medium wp-image-2531 alignleft\" src=\"http:\/\/autourdesjardins.net\/wp-content\/uploads\/2025\/02\/IMG-20250202-WA0002-1-300x286.jpg\" alt=\"\" width=\"300\" height=\"286\" srcset=\"http:\/\/autourdesjardins.net\/wp-content\/uploads\/2025\/02\/IMG-20250202-WA0002-1-300x286.jpg 300w, http:\/\/autourdesjardins.net\/wp-content\/uploads\/2025\/02\/IMG-20250202-WA0002-1-150x143.jpg 150w, http:\/\/autourdesjardins.net\/wp-content\/uploads\/2025\/02\/IMG-20250202-WA0002-1-600x572.jpg 600w, http:\/\/autourdesjardins.net\/wp-content\/uploads\/2025\/02\/IMG-20250202-WA0002-1.jpg 717w\" sizes=\"(max-width: 300px) 100vw, 300px\" \/>Nous nous rassemblons souvent autour d&rsquo;activit\u00e9s qui concernent le jardin mais cette fois-ci, notre ami Xavier a pris une belle initiative en nous proposant, en ce jour de chandeleur, un apr\u00e8s-midi \u00ab\u00a0cr\u00eapes\u00a0\u00bb qui a r\u00e9uni une bonne quarantaine de nos adh\u00e9rents et amis dans la simplicit\u00e9 et la convivialit\u00e9.<\/p>\n<p>Quelle ambiance sympathique ! Chacun ayant apport\u00e9 la meilleure de ses confitures ou de sa p\u00e2te&nbsp; \u00e0 tartiner&#8230; Les papilles ont \u00e9t\u00e9 bien sollicit\u00e9es.<\/p>\n<p>Merci infiniment \u00e0 celles et&nbsp; ceux qui ont travaill\u00e9 derri\u00e8re les fourneaux pour nous offrir&nbsp; cette belle r\u00e9cr\u00e9ation !<\/p>\n","protected":false},"excerpt":{"rendered":"<p>LA CHANDELEUR DES AMIS DES JARDINS ! Nous nous rassemblons souvent autour d&rsquo;activit\u00e9s qui concernent le jardin mais cette fois-ci, notre ami Xavier a pris une belle initiative en nous proposant, en ce jour de chandeleur, un apr\u00e8s-midi \u00ab\u00a0cr\u00eapes\u00a0\u00bb qui &hellip; <a href=\"http:\/\/autourdesjardins.net\/?p=2529\">Continuer la lecture <span class=\"meta-nav\">&rarr;<\/span><\/a><\/p>\n","protected":false},"author":4,"featured_media":2531,"comment_status":"closed","ping_status":"closed","sticky":false,"template":"","format":"standard","meta":{"ngg_post_thumbnail":0,"spay_email":"","jetpack_publicize_message":""},"categories":[28],"tags":[],"jetpack_featured_media_url":"http:\/\/autourdesjardins.net\/wp-content\/uploads\/2025\/02\/IMG-20250202-WA0002-1.jpg","jetpack_publicize_connections":[],"jetpack_sharing_enabled":true,"jetpack_shortlink":"https:\/\/wp.me\/p3ExMr-EN","_links":{"self":[{"href":"http:\/\/autourdesjardins.net\/index.php?rest_route=\/wp\/v2\/posts\/2529"}],"collection":[{"href":"http:\/\/autourdesjardins.net\/index.php?rest_route=\/wp\/v2\/posts"}],"about":[{"href":"http:\/\/autourdesjardins.net\/index.php?rest_route=\/wp\/v2\/types\/post"}],"author":[{"embeddable":true,"href":"http:\/\/autourdesjardins.net\/index.php?rest_route=\/wp\/v2\/users\/4"}],"replies":[{"embeddable":true,"href":"http:\/\/autourdesjardins.net\/index.php?rest_route=%2Fwp%2Fv2%2Fcomments&post=2529"}],"version-history":[{"count":4,"href":"http:\/\/autourdesjardins.net\/index.php?rest_route=\/wp\/v2\/posts\/2529\/revisions"}],"predecessor-version":[{"id":2541,"href":"http:\/\/autourdesjardins.net\/index.php?rest_route=\/wp\/v2\/posts\/2529\/revisions\/2541"}],"wp:featuredmedia":[{"embeddable":true,"href":"http:\/\/autourdesjardins.net\/index.php?rest_route=\/wp\/v2\/media\/2531"}],"wp:attachment":[{"href":"http:\/\/autourdesjardins.net\/index.php?rest_route=%2Fwp%2Fv2%2Fmedia&parent=2529"}],"wp:term":[{"taxonomy":"category","embeddable":true,"href":"http:\/\/autourdesjardins.net\/index.php?rest_route=%2Fwp%2Fv2%2Fcategories&post=2529"},{"taxonomy":"post_tag","embeddable":true,"href":"http:\/\/autourdesjardins.net\/index.php?rest_route=%2Fwp%2Fv2%2Ftags&post=2529"}],"curies":[{"name":"wp","href":"https:\/\/api.w.org\/{rel}","templated":true}]}}