{"id":2281,"date":"2023-01-07T11:12:40","date_gmt":"2023-01-07T10:12:40","guid":{"rendered":"http:\/\/autourdesjardins.net\/?p=2281"},"modified":"2023-01-07T11:12:40","modified_gmt":"2023-01-07T10:12:40","slug":"mot-de-bienvenue-de-notre-presidente","status":"publish","type":"post","link":"http:\/\/autourdesjardins.net\/?p=2281","title":{"rendered":"Mot de Bienvenue de notre Pr\u00e9sidente"},"content":{"rendered":"<p class=\"Standard\"><b><span style=\"font-size: 20.0pt; font-family: 'Bradley Hand ITC'; color: #009900;\">Bien chers jardiniers,<img decoding=\"async\" loading=\"lazy\" class=\"size-medium wp-image-2282 alignright\" src=\"http:\/\/autourdesjardins.net\/wp-content\/uploads\/2023\/01\/voeux-Patricia-300x225.jpg\" alt=\"\" width=\"300\" height=\"225\" srcset=\"http:\/\/autourdesjardins.net\/wp-content\/uploads\/2023\/01\/voeux-Patricia-300x225.jpg 300w, http:\/\/autourdesjardins.net\/wp-content\/uploads\/2023\/01\/voeux-Patricia-1024x768.jpg 1024w, http:\/\/autourdesjardins.net\/wp-content\/uploads\/2023\/01\/voeux-Patricia-150x113.jpg 150w, http:\/\/autourdesjardins.net\/wp-content\/uploads\/2023\/01\/voeux-Patricia-768x576.jpg 768w, http:\/\/autourdesjardins.net\/wp-content\/uploads\/2023\/01\/voeux-Patricia-600x450.jpg 600w, http:\/\/autourdesjardins.net\/wp-content\/uploads\/2023\/01\/voeux-Patricia-1536x1152.jpg 1536w, http:\/\/autourdesjardins.net\/wp-content\/uploads\/2023\/01\/voeux-Patricia.jpg 1600w\" sizes=\"(max-width: 300px) 100vw, 300px\" \/><\/span><\/b><\/p>\n<p class=\"Standard\"><b><span style=\"font-size: 20.0pt; font-family: 'Bradley Hand ITC'; color: #009900;\">&nbsp;<\/span><\/b><b><span style=\"font-size: 20.0pt; font-family: 'Bradley Hand ITC'; color: #009900;\">En ces premiers jours de l&rsquo;ann\u00e9e 2023, je tenais \u00e0 souhaiter la bienvenue aux nouveaux adh\u00e9rents, qui je l&rsquo;esp\u00e8re trouveront au sein de l&rsquo;association de nombreuses activit\u00e9s telles que la visite de jardins, des causeries, des ateliers techniques comme la vannerie ou l&rsquo;art floral.<\/span><\/b><\/p>\n<p class=\"Standard\"><b><span style=\"font-size: 20.0pt; font-family: 'Bradley Hand ITC'; color: #009900;\">Ou tout simplement un moment de convivialit\u00e9 autour d&rsquo;un repas annuel au restaurant,<\/span><\/b><\/p>\n<p class=\"Standard\"><b><span style=\"font-size: 20.0pt; font-family: 'Bradley Hand ITC'; color: #009900;\">Vous prendrez connaissance du programme lors de l&rsquo;assembl\u00e9e g\u00e9n\u00e9rale du 25 mars.<\/span><\/b><\/p>\n<p class=\"Standard\"><b><span style=\"font-size: 20.0pt; font-family: 'Bradley Hand ITC'; color: #009900;\">Encore merci de nous avoir rejoints.<\/span><\/b><\/p>\n<p class=\"Standard\"><b><span style=\"font-size: 20.0pt; font-family: 'Bradley Hand ITC'; color: #009900;\">&nbsp;<\/span><\/b><b><span style=\"font-size: 20.0pt; font-family: 'Bradley Hand ITC'; color: #009900;\">Jardini\u00e8rement v\u00f4tre,<\/span><\/b><\/p>\n<p class=\"Standard\"><b><span style=\"font-size: 20.0pt; font-family: 'Bradley Hand ITC'; color: #009900;\">Patricia Decaudin , pr\u00e9sidente d&rsquo;Autour des Jardins.<\/span><\/b><\/p>\n","protected":false},"excerpt":{"rendered":"<p>Bien chers jardiniers, &nbsp;En ces premiers jours de l&rsquo;ann\u00e9e 2023, je tenais \u00e0 souhaiter la bienvenue aux nouveaux adh\u00e9rents, qui je l&rsquo;esp\u00e8re trouveront au sein de l&rsquo;association de nombreuses activit\u00e9s telles que la visite de jardins, des causeries, des ateliers &hellip; <a href=\"http:\/\/autourdesjardins.net\/?p=2281\">Continuer la lecture <span class=\"meta-nav\">&rarr;<\/span><\/a><\/p>\n","protected":false},"author":4,"featured_media":0,"comment_status":"closed","ping_status":"closed","sticky":false,"template":"","format":"standard","meta":{"ngg_post_thumbnail":0,"spay_email":"","jetpack_publicize_message":""},"categories":[28],"tags":[],"jetpack_featured_media_url":"","jetpack_publicize_connections":[],"jetpack_sharing_enabled":true,"jetpack_shortlink":"https:\/\/wp.me\/p3ExMr-AN","_links":{"self":[{"href":"http:\/\/autourdesjardins.net\/index.php?rest_route=\/wp\/v2\/posts\/2281"}],"collection":[{"href":"http:\/\/autourdesjardins.net\/index.php?rest_route=\/wp\/v2\/posts"}],"about":[{"href":"http:\/\/autourdesjardins.net\/index.php?rest_route=\/wp\/v2\/types\/post"}],"author":[{"embeddable":true,"href":"http:\/\/autourdesjardins.net\/index.php?rest_route=\/wp\/v2\/users\/4"}],"replies":[{"embeddable":true,"href":"http:\/\/autourdesjardins.net\/index.php?rest_route=%2Fwp%2Fv2%2Fcomments&post=2281"}],"version-history":[{"count":1,"href":"http:\/\/autourdesjardins.net\/index.php?rest_route=\/wp\/v2\/posts\/2281\/revisions"}],"predecessor-version":[{"id":2283,"href":"http:\/\/autourdesjardins.net\/index.php?rest_route=\/wp\/v2\/posts\/2281\/revisions\/2283"}],"wp:attachment":[{"href":"http:\/\/autourdesjardins.net\/index.php?rest_route=%2Fwp%2Fv2%2Fmedia&parent=2281"}],"wp:term":[{"taxonomy":"category","embeddable":true,"href":"http:\/\/autourdesjardins.net\/index.php?rest_route=%2Fwp%2Fv2%2Fcategories&post=2281"},{"taxonomy":"post_tag","embeddable":true,"href":"http:\/\/autourdesjardins.net\/index.php?rest_route=%2Fwp%2Fv2%2Ftags&post=2281"}],"curies":[{"name":"wp","href":"https:\/\/api.w.org\/{rel}","templated":true}]}}