{"id":2234,"date":"2022-09-02T09:12:06","date_gmt":"2022-09-02T08:12:06","guid":{"rendered":"http:\/\/autourdesjardins.net\/?p=2234"},"modified":"2022-09-02T18:01:25","modified_gmt":"2022-09-02T17:01:25","slug":"le-forum-des-associations","status":"publish","type":"post","link":"http:\/\/autourdesjardins.net\/?p=2234","title":{"rendered":"Le forum des associations"},"content":{"rendered":"<p>Chaque ann\u00e9e, nous sommes convi\u00e9s \u00e0 cette rencontre qui a pour but de faire conna\u00eetre le tissu associatif local. Autour des Jardins&nbsp; avait toute sa place, \u00e0 la Grange aux D\u00eemes, ce Dimanche 28 ao\u00fbt.<\/p>\n<p><a href=\"http:\/\/autourdesjardins.net\/wp-content\/uploads\/2022\/09\/DSCN8124.jpg\" target=\"_blank\" rel=\"noopener\"><img decoding=\"async\" loading=\"lazy\" class=\"alignnone wp-image-2237 aligncenter\" src=\"http:\/\/autourdesjardins.net\/wp-content\/uploads\/2022\/09\/DSCN8124-300x225.jpg\" alt=\"\" width=\"333\" height=\"250\" srcset=\"http:\/\/autourdesjardins.net\/wp-content\/uploads\/2022\/09\/DSCN8124-300x225.jpg 300w, http:\/\/autourdesjardins.net\/wp-content\/uploads\/2022\/09\/DSCN8124-1024x768.jpg 1024w, http:\/\/autourdesjardins.net\/wp-content\/uploads\/2022\/09\/DSCN8124-150x113.jpg 150w, http:\/\/autourdesjardins.net\/wp-content\/uploads\/2022\/09\/DSCN8124-768x576.jpg 768w, http:\/\/autourdesjardins.net\/wp-content\/uploads\/2022\/09\/DSCN8124-600x450.jpg 600w, http:\/\/autourdesjardins.net\/wp-content\/uploads\/2022\/09\/DSCN8124-1536x1152.jpg 1536w, http:\/\/autourdesjardins.net\/wp-content\/uploads\/2022\/09\/DSCN8124.jpg 1600w\" sizes=\"(max-width: 333px) 100vw, 333px\" \/><\/a><\/p>\n<p>&nbsp;Le mot de Patricia, notre pr\u00e9sidente :<\/p>\n<p><em>\u00ab\u00a0Notre stand ne passait pas inaper\u00e7u gr\u00e2ce aux nombreux v\u00e9g\u00e9taux, fleurs et l\u00e9gumes qui \u00e9taient pr\u00e9sent\u00e9s.<\/em><br \/>\n<em>J&rsquo;ai pu compter sur la pr\u00e9sence et l&rsquo;aide de Claudine, Xavier et Michel, et je les en remercie.<\/em><\/p>\n<p><img decoding=\"async\" loading=\"lazy\" class=\"alignnone wp-image-2239\" src=\"http:\/\/autourdesjardins.net\/wp-content\/uploads\/2022\/09\/DSCN8127-225x300.jpg\" alt=\"\" width=\"195\" height=\"260\" srcset=\"http:\/\/autourdesjardins.net\/wp-content\/uploads\/2022\/09\/DSCN8127-225x300.jpg 225w, http:\/\/autourdesjardins.net\/wp-content\/uploads\/2022\/09\/DSCN8127-768x1024.jpg 768w, http:\/\/autourdesjardins.net\/wp-content\/uploads\/2022\/09\/DSCN8127-113x150.jpg 113w, http:\/\/autourdesjardins.net\/wp-content\/uploads\/2022\/09\/DSCN8127-600x800.jpg 600w, http:\/\/autourdesjardins.net\/wp-content\/uploads\/2022\/09\/DSCN8127-1152x1536.jpg 1152w, http:\/\/autourdesjardins.net\/wp-content\/uploads\/2022\/09\/DSCN8127.jpg 1200w\" sizes=\"(max-width: 195px) 100vw, 195px\" \/> <img decoding=\"async\" loading=\"lazy\" class=\" wp-image-2238\" style=\"font-weight: bold; background-color: #f1f1f1; font-size: 12px; text-align: center;\" src=\"http:\/\/autourdesjardins.net\/wp-content\/uploads\/2022\/09\/DSCN8126-225x300.jpg\" alt=\"\" width=\"197\" height=\"262\" srcset=\"http:\/\/autourdesjardins.net\/wp-content\/uploads\/2022\/09\/DSCN8126-225x300.jpg 225w, http:\/\/autourdesjardins.net\/wp-content\/uploads\/2022\/09\/DSCN8126-768x1024.jpg 768w, http:\/\/autourdesjardins.net\/wp-content\/uploads\/2022\/09\/DSCN8126-113x150.jpg 113w, http:\/\/autourdesjardins.net\/wp-content\/uploads\/2022\/09\/DSCN8126-600x800.jpg 600w, http:\/\/autourdesjardins.net\/wp-content\/uploads\/2022\/09\/DSCN8126-1152x1536.jpg 1152w, http:\/\/autourdesjardins.net\/wp-content\/uploads\/2022\/09\/DSCN8126.jpg 1200w\" sizes=\"(max-width: 197px) 100vw, 197px\" \/> <img decoding=\"async\" loading=\"lazy\" class=\"alignnone wp-image-2235\" src=\"http:\/\/autourdesjardins.net\/wp-content\/uploads\/2022\/09\/DSCN8113-225x300.jpg\" alt=\"\" width=\"196\" height=\"261\" srcset=\"http:\/\/autourdesjardins.net\/wp-content\/uploads\/2022\/09\/DSCN8113-225x300.jpg 225w, http:\/\/autourdesjardins.net\/wp-content\/uploads\/2022\/09\/DSCN8113-768x1024.jpg 768w, http:\/\/autourdesjardins.net\/wp-content\/uploads\/2022\/09\/DSCN8113-113x150.jpg 113w, http:\/\/autourdesjardins.net\/wp-content\/uploads\/2022\/09\/DSCN8113-600x800.jpg 600w, http:\/\/autourdesjardins.net\/wp-content\/uploads\/2022\/09\/DSCN8113-1152x1536.jpg 1152w, http:\/\/autourdesjardins.net\/wp-content\/uploads\/2022\/09\/DSCN8113.jpg 1200w\" sizes=\"(max-width: 196px) 100vw, 196px\" \/><\/p>\n<p>Une d\u00e9co r\u00e9ussie pour attirer le chaland&nbsp;<\/p>\n","protected":false},"excerpt":{"rendered":"<p>Chaque ann\u00e9e, nous sommes convi\u00e9s \u00e0 cette rencontre qui a pour but de faire conna\u00eetre le tissu associatif local. Autour des Jardins&nbsp; avait toute sa place, \u00e0 la Grange aux D\u00eemes, ce Dimanche 28 ao\u00fbt. &nbsp;Le mot de Patricia, notre &hellip; <a href=\"http:\/\/autourdesjardins.net\/?p=2234\">Continuer la lecture <span class=\"meta-nav\">&rarr;<\/span><\/a><\/p>\n","protected":false},"author":4,"featured_media":0,"comment_status":"closed","ping_status":"closed","sticky":false,"template":"","format":"standard","meta":{"ngg_post_thumbnail":0,"spay_email":"","jetpack_publicize_message":""},"categories":[28],"tags":[],"jetpack_featured_media_url":"","jetpack_publicize_connections":[],"jetpack_sharing_enabled":true,"jetpack_shortlink":"https:\/\/wp.me\/p3ExMr-A2","_links":{"self":[{"href":"http:\/\/autourdesjardins.net\/index.php?rest_route=\/wp\/v2\/posts\/2234"}],"collection":[{"href":"http:\/\/autourdesjardins.net\/index.php?rest_route=\/wp\/v2\/posts"}],"about":[{"href":"http:\/\/autourdesjardins.net\/index.php?rest_route=\/wp\/v2\/types\/post"}],"author":[{"embeddable":true,"href":"http:\/\/autourdesjardins.net\/index.php?rest_route=\/wp\/v2\/users\/4"}],"replies":[{"embeddable":true,"href":"http:\/\/autourdesjardins.net\/index.php?rest_route=%2Fwp%2Fv2%2Fcomments&post=2234"}],"version-history":[{"count":4,"href":"http:\/\/autourdesjardins.net\/index.php?rest_route=\/wp\/v2\/posts\/2234\/revisions"}],"predecessor-version":[{"id":2243,"href":"http:\/\/autourdesjardins.net\/index.php?rest_route=\/wp\/v2\/posts\/2234\/revisions\/2243"}],"wp:attachment":[{"href":"http:\/\/autourdesjardins.net\/index.php?rest_route=%2Fwp%2Fv2%2Fmedia&parent=2234"}],"wp:term":[{"taxonomy":"category","embeddable":true,"href":"http:\/\/autourdesjardins.net\/index.php?rest_route=%2Fwp%2Fv2%2Fcategories&post=2234"},{"taxonomy":"post_tag","embeddable":true,"href":"http:\/\/autourdesjardins.net\/index.php?rest_route=%2Fwp%2Fv2%2Ftags&post=2234"}],"curies":[{"name":"wp","href":"https:\/\/api.w.org\/{rel}","templated":true}]}}