{"id":2035,"date":"2021-12-13T10:13:36","date_gmt":"2021-12-13T09:13:36","guid":{"rendered":"http:\/\/autourdesjardins.net\/?p=2035"},"modified":"2025-05-26T13:23:12","modified_gmt":"2025-05-26T12:23:12","slug":"concours-photos-2022","status":"publish","type":"post","link":"http:\/\/autourdesjardins.net\/?p=2035","title":{"rendered":"Concours Photos 2025"},"content":{"rendered":"<p>C\u2019est la tradition, la carte d\u2019adh\u00e9rent de notre association est illustr\u00e9e d\u2019une photo r\u00e9alis\u00e9e par un de ses membres.<br \/>\nAlors, \u00e0 vos appareils photos sur le th\u00e8me <b><i>\u00ab petits animaux au jardin\u00bb <\/i><\/b>pour illustrer la carte 2026.<\/p>\n<p>Envoyez vos photos&nbsp;(en cadrage paysage avec le motif centr\u00e9)<br \/>\nen ligne (contact@autourdesjardins.net )<\/p>\n<p>La photo retenue en 2025 est celle de Christiane Lalu<br \/>\nsur le th\u00e8me des papillons.<\/p>\n<p><img decoding=\"async\" loading=\"lazy\" class=\"alignnone wp-image-2571\" src=\"http:\/\/autourdesjardins.net\/wp-content\/uploads\/2021\/12\/LCH2-300x225.jpeg\" alt=\"\" width=\"449\" height=\"337\" srcset=\"http:\/\/autourdesjardins.net\/wp-content\/uploads\/2021\/12\/LCH2-300x225.jpeg 300w, http:\/\/autourdesjardins.net\/wp-content\/uploads\/2021\/12\/LCH2-1024x768.jpeg 1024w, http:\/\/autourdesjardins.net\/wp-content\/uploads\/2021\/12\/LCH2-150x113.jpeg 150w, http:\/\/autourdesjardins.net\/wp-content\/uploads\/2021\/12\/LCH2-768x576.jpeg 768w, http:\/\/autourdesjardins.net\/wp-content\/uploads\/2021\/12\/LCH2-600x450.jpeg 600w, http:\/\/autourdesjardins.net\/wp-content\/uploads\/2021\/12\/LCH2-1536x1152.jpeg 1536w, http:\/\/autourdesjardins.net\/wp-content\/uploads\/2021\/12\/LCH2-2048x1536.jpeg 2048w\" sizes=\"(max-width: 449px) 100vw, 449px\" \/><\/p>\n<p><b>avant le 31 janvier 2026<\/b><\/p>\n","protected":false},"excerpt":{"rendered":"<p>C\u2019est la tradition, la carte d\u2019adh\u00e9rent de notre association est illustr\u00e9e d\u2019une photo r\u00e9alis\u00e9e par un de ses membres. Alors, \u00e0 vos appareils photos sur le th\u00e8me \u00ab petits animaux au jardin\u00bb pour illustrer la carte 2026. Envoyez vos photos&nbsp;(en &hellip; <a href=\"http:\/\/autourdesjardins.net\/?p=2035\">Continuer la lecture <span class=\"meta-nav\">&rarr;<\/span><\/a><\/p>\n","protected":false},"author":4,"featured_media":0,"comment_status":"closed","ping_status":"closed","sticky":false,"template":"","format":"standard","meta":{"ngg_post_thumbnail":0,"spay_email":"","jetpack_publicize_message":""},"categories":[33],"tags":[],"jetpack_featured_media_url":"","jetpack_publicize_connections":[],"jetpack_sharing_enabled":true,"jetpack_shortlink":"https:\/\/wp.me\/p3ExMr-wP","_links":{"self":[{"href":"http:\/\/autourdesjardins.net\/index.php?rest_route=\/wp\/v2\/posts\/2035"}],"collection":[{"href":"http:\/\/autourdesjardins.net\/index.php?rest_route=\/wp\/v2\/posts"}],"about":[{"href":"http:\/\/autourdesjardins.net\/index.php?rest_route=\/wp\/v2\/types\/post"}],"author":[{"embeddable":true,"href":"http:\/\/autourdesjardins.net\/index.php?rest_route=\/wp\/v2\/users\/4"}],"replies":[{"embeddable":true,"href":"http:\/\/autourdesjardins.net\/index.php?rest_route=%2Fwp%2Fv2%2Fcomments&post=2035"}],"version-history":[{"count":3,"href":"http:\/\/autourdesjardins.net\/index.php?rest_route=\/wp\/v2\/posts\/2035\/revisions"}],"predecessor-version":[{"id":2572,"href":"http:\/\/autourdesjardins.net\/index.php?rest_route=\/wp\/v2\/posts\/2035\/revisions\/2572"}],"wp:attachment":[{"href":"http:\/\/autourdesjardins.net\/index.php?rest_route=%2Fwp%2Fv2%2Fmedia&parent=2035"}],"wp:term":[{"taxonomy":"category","embeddable":true,"href":"http:\/\/autourdesjardins.net\/index.php?rest_route=%2Fwp%2Fv2%2Fcategories&post=2035"},{"taxonomy":"post_tag","embeddable":true,"href":"http:\/\/autourdesjardins.net\/index.php?rest_route=%2Fwp%2Fv2%2Ftags&post=2035"}],"curies":[{"name":"wp","href":"https:\/\/api.w.org\/{rel}","templated":true}]}}