{"id":1777,"date":"2020-09-22T20:35:07","date_gmt":"2020-09-22T19:35:07","guid":{"rendered":"http:\/\/autourdesjardins.net\/?p=1777"},"modified":"2020-09-22T20:52:27","modified_gmt":"2020-09-22T19:52:27","slug":"lorchidee-de-fanny","status":"publish","type":"post","link":"http:\/\/autourdesjardins.net\/?p=1777","title":{"rendered":"L&rsquo;orchid\u00e9e de Fanny"},"content":{"rendered":"<p>Coucou, voici une photo que je ne peux m&#8217;emp\u00eacher de vous envoyer.<br \/>\nUn cadeau d&rsquo;amie, un jour, m&rsquo;a fait devenir propri\u00e9taire, il y a quelques ann\u00e9es d\u00e9j\u00e0, de ce <strong>phala\u00e9nopsis blanc<\/strong> qui paressait \u00e0 l&rsquo;id\u00e9e de fleurir \u2026<\/p>\n<p><a href=\"http:\/\/autourdesjardins.net\/wp-content\/uploads\/2020\/09\/DSCF2080-scaled.jpg\"><img decoding=\"async\" loading=\"lazy\" class=\" wp-image-1776 alignleft\" src=\"http:\/\/autourdesjardins.net\/wp-content\/uploads\/2020\/09\/DSCF2080-225x300.jpg\" alt=\"\" width=\"284\" height=\"379\" srcset=\"http:\/\/autourdesjardins.net\/wp-content\/uploads\/2020\/09\/DSCF2080-225x300.jpg 225w, http:\/\/autourdesjardins.net\/wp-content\/uploads\/2020\/09\/DSCF2080-768x1024.jpg 768w, http:\/\/autourdesjardins.net\/wp-content\/uploads\/2020\/09\/DSCF2080-113x150.jpg 113w, http:\/\/autourdesjardins.net\/wp-content\/uploads\/2020\/09\/DSCF2080-1152x1536.jpg 1152w, http:\/\/autourdesjardins.net\/wp-content\/uploads\/2020\/09\/DSCF2080-1536x2048.jpg 1536w, http:\/\/autourdesjardins.net\/wp-content\/uploads\/2020\/09\/DSCF2080-scaled.jpg 1920w\" sizes=\"(max-width: 284px) 100vw, 284px\" \/><\/a>Est-ce cette p\u00e9riode de fortes chaleurs ? Expos\u00e9e au nord toute l&rsquo;ann\u00e9e, arros\u00e9e avec parcimonie (une baignade tous les 15 jours) et voici ce qu&rsquo;elle m&rsquo;offre \u00e0 mon retour sur Saint Denis,&nbsp; pas moins de 13 fleurs sur la hampe !!!<\/p>\n<p>En r\u00e8gle g\u00e9n\u00e9rale, je constate que les orchid\u00e9es se portent plut\u00f4t tr\u00e8s bien en cette fin d&rsquo;\u00e9t\u00e9!<br \/>\nEt chez vous, avez-vous constat\u00e9 le m\u00eame ph\u00e9nom\u00e8ne ?<\/p>\n<p style=\"text-align: center;\">A bient\u00f4t<br \/>\nFanny<\/p>\n","protected":false},"excerpt":{"rendered":"<p>Coucou, voici une photo que je ne peux m&#8217;emp\u00eacher de vous envoyer. Un cadeau d&rsquo;amie, un jour, m&rsquo;a fait devenir propri\u00e9taire, il y a quelques ann\u00e9es d\u00e9j\u00e0, de ce phala\u00e9nopsis blanc qui paressait \u00e0 l&rsquo;id\u00e9e de fleurir \u2026 Est-ce cette &hellip; <a href=\"http:\/\/autourdesjardins.net\/?p=1777\">Continuer la lecture <span class=\"meta-nav\">&rarr;<\/span><\/a><\/p>\n","protected":false},"author":4,"featured_media":0,"comment_status":"closed","ping_status":"closed","sticky":false,"template":"","format":"standard","meta":{"ngg_post_thumbnail":0,"spay_email":"","jetpack_publicize_message":""},"categories":[34],"tags":[],"jetpack_featured_media_url":"","jetpack_publicize_connections":[],"jetpack_sharing_enabled":true,"jetpack_shortlink":"https:\/\/wp.me\/p3ExMr-sF","_links":{"self":[{"href":"http:\/\/autourdesjardins.net\/index.php?rest_route=\/wp\/v2\/posts\/1777"}],"collection":[{"href":"http:\/\/autourdesjardins.net\/index.php?rest_route=\/wp\/v2\/posts"}],"about":[{"href":"http:\/\/autourdesjardins.net\/index.php?rest_route=\/wp\/v2\/types\/post"}],"author":[{"embeddable":true,"href":"http:\/\/autourdesjardins.net\/index.php?rest_route=\/wp\/v2\/users\/4"}],"replies":[{"embeddable":true,"href":"http:\/\/autourdesjardins.net\/index.php?rest_route=%2Fwp%2Fv2%2Fcomments&post=1777"}],"version-history":[{"count":2,"href":"http:\/\/autourdesjardins.net\/index.php?rest_route=\/wp\/v2\/posts\/1777\/revisions"}],"predecessor-version":[{"id":1779,"href":"http:\/\/autourdesjardins.net\/index.php?rest_route=\/wp\/v2\/posts\/1777\/revisions\/1779"}],"wp:attachment":[{"href":"http:\/\/autourdesjardins.net\/index.php?rest_route=%2Fwp%2Fv2%2Fmedia&parent=1777"}],"wp:term":[{"taxonomy":"category","embeddable":true,"href":"http:\/\/autourdesjardins.net\/index.php?rest_route=%2Fwp%2Fv2%2Fcategories&post=1777"},{"taxonomy":"post_tag","embeddable":true,"href":"http:\/\/autourdesjardins.net\/index.php?rest_route=%2Fwp%2Fv2%2Ftags&post=1777"}],"curies":[{"name":"wp","href":"https:\/\/api.w.org\/{rel}","templated":true}]}}